{"id":51345,"date":"2024-03-20T15:05:50","date_gmt":"2024-03-20T14:05:50","guid":{"rendered":"https:\/\/ticker-noticiasep.microcontenidos.com\/NoticiaRSS.vbhtml?user=XRNR562DLR&amp;cod=20240320150550"},"modified":"2024-03-20T15:05:50","modified_gmt":"2024-03-20T14:05:50","slug":"holcim-espana-obtiene-el-certificado-marca-n-sostenible-de-aenor-para-su-gama-de-cementos","status":"publish","type":"post","link":"https:\/\/webciudadana.net\/?p=51345","title":{"rendered":"Holcim Espa\u00f1a obtiene el certificado &#8216;Marca N Sostenible&#8217; de Aenor para su gama de cementos"},"content":{"rendered":"\n<div><img decoding=\"async\" src=\"\/wp-content\/uploads\/sites\/2\/2024\/03\/holcim-espana-obtiene-el-certificado-marca-n-sostenible-de-aenor-para-su-gama-de-cementos.jpg\" class=\"ff-og-image-inserted\"><\/div>\n<p> MADRID, 20 (EUROPA PRESS)<\/p>\n<p> Holcim Espa\u00f1a ha recibido el certificado &#8216;Marca N Sostenible&#8217; de Aenor para su gama de cementos, siendo su primera certificaci\u00f3n de sostenibilidad en Espa\u00f1a, con el objetivo de impulsar la transformaci\u00f3n sostenible ambiental, social y de gobernanza, seg\u00fan han informado ambas partes en un comunicado.<\/p>\n<p> En concreto, Aenor ha entregado esta validaci\u00f3n con la intenci\u00f3n de promover que la nueva construcci\u00f3n industrializada utilice materiales y soluciones con marcas sostenibles.<\/p>\n<p> El director de Sostenibilidad de Holcim Espa\u00f1a, Mariano Garc\u00eda, ha destacado durante el acto de entrega que este certificado permite a la compa\u00f1\u00eda seguir su camino hacia el objetivo &#8216;Net Zero&#8217; en 2050; asimismo, ha a\u00f1adido que la marca realizar\u00e1 un ejercicio de transparencia sobre sus productos.<\/p>\n<p> De su lado, la directora de Certificaci\u00f3n de Producto de Aenor, Yolanda Villase\u00f1or, ha afirmado que la &#8216;Marca N Sostenible&#8217; es una \u00abrigurosa\u00bb herramienta que \u00abayudar\u00e1\u00bb a la compa\u00f1\u00eda a generar confianza en sus grupos de inter\u00e9s.<\/p>\n<p> Durante el acto, por parte de Aenor, tambi\u00e9n han asistido el director de Marketing y Desarrollo de Negocio, Javier Mej\u00eda y la t\u00e9cnica en Certificaci\u00f3n, Renata D&#8217;Andrea.<\/p>\n<p> Por parte de Holcim Espa\u00f1a, han estado presentes el director de Marketing, Luis de la Pe\u00f1a y la responsable de Laboratorio Central de Calidad y Certificaci\u00f3n, Carmen Sarmiento.<\/p>\n","protected":false},"excerpt":{"rendered":"<p>MADRID, 20 (EUROPA PRESS) Holcim Espa\u00f1a ha recibido el certificado &#8216;Marca N Sostenible&#8217; de Aenor para su gama de cementos, siendo su primera certificaci\u00f3n de sostenibilidad en Espa\u00f1a, con el objetivo de impulsar la transformaci\u00f3n sostenible ambiental, social y de gobernanza, seg\u00fan han informado ambas partes en un comunicado. En concreto, Aenor ha entregado esta [&hellip;]<\/p>\n","protected":false},"author":1,"featured_media":0,"comment_status":"closed","ping_status":"closed","sticky":false,"template":"","format":"standard","meta":{"footnotes":""},"categories":[],"tags":[],"class_list":["post-51345","post","type-post","status-publish","format-standard","hentry"],"_links":{"self":[{"href":"https:\/\/webciudadana.net\/index.php?rest_route=\/wp\/v2\/posts\/51345","targetHints":{"allow":["GET"]}}],"collection":[{"href":"https:\/\/webciudadana.net\/index.php?rest_route=\/wp\/v2\/posts"}],"about":[{"href":"https:\/\/webciudadana.net\/index.php?rest_route=\/wp\/v2\/types\/post"}],"author":[{"embeddable":true,"href":"https:\/\/webciudadana.net\/index.php?rest_route=\/wp\/v2\/users\/1"}],"replies":[{"embeddable":true,"href":"https:\/\/webciudadana.net\/index.php?rest_route=%2Fwp%2Fv2%2Fcomments&post=51345"}],"version-history":[{"count":0,"href":"https:\/\/webciudadana.net\/index.php?rest_route=\/wp\/v2\/posts\/51345\/revisions"}],"wp:attachment":[{"href":"https:\/\/webciudadana.net\/index.php?rest_route=%2Fwp%2Fv2%2Fmedia&parent=51345"}],"wp:term":[{"taxonomy":"category","embeddable":true,"href":"https:\/\/webciudadana.net\/index.php?rest_route=%2Fwp%2Fv2%2Fcategories&post=51345"},{"taxonomy":"post_tag","embeddable":true,"href":"https:\/\/webciudadana.net\/index.php?rest_route=%2Fwp%2Fv2%2Ftags&post=51345"}],"curies":[{"name":"wp","href":"https:\/\/api.w.org\/{rel}","templated":true}]}}