{"id":51369,"date":"2024-03-21T09:56:17","date_gmt":"2024-03-21T08:56:17","guid":{"rendered":"https:\/\/ticker-noticiasep.microcontenidos.com\/NoticiaRSS.vbhtml?user=XRNR562DLR&amp;cod=20240321095617"},"modified":"2024-03-21T09:56:17","modified_gmt":"2024-03-21T08:56:17","slug":"los-alquileres-vacacionales-son-favoritos-frente-a-los-hoteles-para-esta-semana-santa-en-mallorca","status":"publish","type":"post","link":"https:\/\/webciudadana.net\/?p=51369","title":{"rendered":"Los alquileres vacacionales son favoritos frente a los hoteles para esta Semana Santa en Mallorca"},"content":{"rendered":"\n<div><img decoding=\"async\" src=\"\/wp-content\/uploads\/sites\/2\/2024\/03\/los-alquileres-vacacionales-son-favoritos-frente-a-los-hoteles-para-esta-semana-santa-en-mallorca.jpg\" class=\"ff-og-image-inserted\"><\/div>\n<p>(Informaci\u00f3n remitida por la empresa firmante)<\/p>\n<p>\nTras el boom del 2023, la empresa Ideal Property Mallorca, experta en la gesti\u00f3n de propiedades para alquiler vacacional, conf\u00edan que este a\u00f1o se superar\u00e1 el 69,1% de crecimiento del a\u00f1o pasado<\/p>\n<p>\nMallorca, 21 de marzo de 2024.- Los turistas internacionales y residentes en Espa\u00f1a eligen cada vez m\u00e1s los apartamentos vacacionales en Mallorca sobre los hoteles. En funci\u00f3n de las estad\u00edsticas del a\u00f1o pasado, se espera un incremento en la ocupaci\u00f3n de alquileres vacacionales para estas vacaciones de Semana Santa que ayuden a marcar un nuevo r\u00e9cord de expansi\u00f3n para el 2024.<\/p>\n<p> Tendencias del mercado sobre alojamientos tur\u00edsticos<\/p>\n<p>\nEn 2023, el sector hotelero espa\u00f1ol registr\u00f3 un 15,9% de incremento en sus reservas. Mientras que la vivienda en alquiler, como alojamiento de mercado, creci\u00f3 en un 69,1% seg\u00fan los datos de variaci\u00f3n interanual. Estas estad\u00edsticas muestran una marcada tendencia de los turistas nacionales e internacionales a elegir alternativas dentro del sector de alquiler vacacional.*<\/p>\n<p>\nDesde hace 12 a\u00f1os, los expertos de Ideal Property Mallorca trabajan en la gesti\u00f3n de propiedades. Sus profesionales explican que la intimidad, la comodidad y la versatilidad de este tipo de alojamientos terminan por conquistar a los hu\u00e9spedes, que vuelven a elegirlos cada a\u00f1o.*<\/p>\n<p>\nSemana Santa en Mallorca, el segundo destino m\u00e1s elegido<\/p>\n<p>\nEl a\u00f1o pasado 14,4 millones de viajeros visitaron las Islas Baleares, tanto residentes en Espa\u00f1a como provenientes de Reino Unido, Francia y Alemania, principalmente. Por esa raz\u00f3n, las Baleares ocuparon el segundo puesto entre los destinos m\u00e1s elegidos por los turistas internacionales con 16,9%, lista liderada por Catalu\u00f1a con un 21,2%. Pero, no estuvieron en la segunda posici\u00f3n desde el comienzo.*<\/p>\n<p>\nEn marzo de 2023, antes de la Semana Santa en Mallorca, las islas del Mediterr\u00e1neo ocupaban el tercer puesto de los destinos elegidos por no residentes detr\u00e1s de las Islas Canarias y Catalu\u00f1a, con 27,5% y 18,7% de pernoctaciones respectivamente. Los viajeros que llegaron durante la semana de Pascua y a lo largo del verano ayudaron a que la comunidad aut\u00f3noma escalara al segundo puesto de la clasificaci\u00f3n.*<\/p>\n<p>\nPor eso, el sector de alquileres vacacionales de Mallorca tiene grandes expectativas de ocupaci\u00f3n para esta Semana Santa. Apuestan a que la llegada de viajeros que optan por apartamentos o casas vacacionales en Mallorca aumente para posicionarse mejor en la puja con Catalu\u00f1a.<\/p>\n<p> Contacto<\/p>\n<p>\nNombre contacto: Kevin<\/p>\n<p>\nDescripci\u00f3n contacto: Ideal Property Mallorca<\/p>\n<p>\nTel\u00e9fono de contacto: +34 971 549 413<\/p>\n","protected":false},"excerpt":{"rendered":"<p>(Informaci\u00f3n remitida por la empresa firmante) Tras el boom del 2023, la empresa Ideal Property Mallorca, experta en la gesti\u00f3n de propiedades para alquiler vacacional, conf\u00edan que este a\u00f1o se superar\u00e1 el 69,1% de crecimiento del a\u00f1o pasado Mallorca, 21 de marzo de 2024.- Los turistas internacionales y residentes en Espa\u00f1a eligen cada vez m\u00e1s [&hellip;]<\/p>\n","protected":false},"author":1,"featured_media":0,"comment_status":"closed","ping_status":"closed","sticky":false,"template":"","format":"standard","meta":{"footnotes":""},"categories":[],"tags":[],"class_list":["post-51369","post","type-post","status-publish","format-standard","hentry"],"_links":{"self":[{"href":"https:\/\/webciudadana.net\/index.php?rest_route=\/wp\/v2\/posts\/51369","targetHints":{"allow":["GET"]}}],"collection":[{"href":"https:\/\/webciudadana.net\/index.php?rest_route=\/wp\/v2\/posts"}],"about":[{"href":"https:\/\/webciudadana.net\/index.php?rest_route=\/wp\/v2\/types\/post"}],"author":[{"embeddable":true,"href":"https:\/\/webciudadana.net\/index.php?rest_route=\/wp\/v2\/users\/1"}],"replies":[{"embeddable":true,"href":"https:\/\/webciudadana.net\/index.php?rest_route=%2Fwp%2Fv2%2Fcomments&post=51369"}],"version-history":[{"count":0,"href":"https:\/\/webciudadana.net\/index.php?rest_route=\/wp\/v2\/posts\/51369\/revisions"}],"wp:attachment":[{"href":"https:\/\/webciudadana.net\/index.php?rest_route=%2Fwp%2Fv2%2Fmedia&parent=51369"}],"wp:term":[{"taxonomy":"category","embeddable":true,"href":"https:\/\/webciudadana.net\/index.php?rest_route=%2Fwp%2Fv2%2Fcategories&post=51369"},{"taxonomy":"post_tag","embeddable":true,"href":"https:\/\/webciudadana.net\/index.php?rest_route=%2Fwp%2Fv2%2Ftags&post=51369"}],"curies":[{"name":"wp","href":"https:\/\/api.w.org\/{rel}","templated":true}]}}