{"id":51398,"date":"2024-03-21T16:29:46","date_gmt":"2024-03-21T15:29:46","guid":{"rendered":"https:\/\/ticker-noticiasep.microcontenidos.com\/NoticiaRSS.vbhtml?user=XRNR562DLR&amp;cod=20240321162946"},"modified":"2024-03-21T16:29:46","modified_gmt":"2024-03-21T15:29:46","slug":"marcet-un-antes-y-un-despues-para-la-inclusion-deportiva-en-barcelona","status":"publish","type":"post","link":"https:\/\/webciudadana.net\/?p=51398","title":{"rendered":"Marcet, un antes y un despu\u00e9s para la inclusi\u00f3n deportiva en Barcelona"},"content":{"rendered":"\n<div><img decoding=\"async\" src=\"\/wp-content\/uploads\/sites\/2\/2024\/03\/marcet-un-antes-y-un-despues-para-la-inclusion-deportiva-en-barcelona.jpg\" class=\"ff-og-image-inserted\"><\/div>\n<p>(Informaci\u00f3n remitida por la empresa firmante)<\/p>\n<p> ACELL: \u00abPara las personas con discapacidad funcional es una oportunidad \u00fanica de convivencia e integraci\u00f3n a trav\u00e9s del f\u00fatbol\u00bb<\/p>\n<p> Barcelona, 21 de marzo de 2024.- En la ciudad condal, la colaboraci\u00f3n entre la Fundaci\u00f3n Marcet y la Federaci\u00f3n ACELL (Federaci\u00f3n Catalana de Deportes para Personas con Diversidad Funcional Intelectual) promueve valores de igualdad e integraci\u00f3n social a trav\u00e9s del deporte. Una alianza que ejemplifica el compromiso con la inclusi\u00f3n deportiva de ambas instituciones.<\/p>\n<p> \u00abMarcet ha sido un gran respaldo, cediendo sus instalaciones durante m\u00e1s de 20 a\u00f1os para la realizaci\u00f3n de nuestras actividades. Todos nuestros deportistas tienen diversidad funcional intelectual\u00bb, destaca Jos\u00e9 Manuel Celeiro, coordinador de f\u00fatbol en ACELL, organizaci\u00f3n que fomenta la pr\u00e1ctica deportiva adaptada para personas con diversidad funcional intelectual.<\/p>\n<p> Cada quincena, decenas de deportistas de la federaci\u00f3n provenientes de m\u00e1s de 100 entidades de toda Catalu\u00f1a compiten en las ligas de f\u00fatbol 5 y 7 que se disputan en las sedes de Marcet en Meiland Central y CEM Teixonera Vall d&#8217;Hebr\u00f3n. \u00abAntes de contar con el apoyo de Marcet, era muy complicado encontrar un escenario adecuado y con las facilidades necesarias para llevar a cabo nuestras competiciones\u00bb, explica Celeiro, quien agradece la \u00absensibilidad\u00bb demostrada por esta fundaci\u00f3n, radicada desde hace m\u00e1s de 40 a\u00f1os en el distrito de Horta-Guinard\u00f3.<\/p>\n<p> Pero el impacto de esta colaboraci\u00f3n acaba trascendiendo el f\u00fatbol, alcanzando disciplinas como p\u00e1del, atletismo, baloncesto y nataci\u00f3n. \u00abRecientemente, hemos puesto en marcha la escuela de p\u00e1del para deportistas con diversidad funcional intelectual que se realiza en Meiland Central, y cuyos entrenadores son t\u00e9cnicos de la Fundaci\u00f3n Marcet\u00bb, cuenta Celeiro.<\/p>\n<p> Adem\u00e1s de las ligas y competiciones, la colaboraci\u00f3n tambi\u00e9n abarca jornadas anuales como los campeonatos de Catalu\u00f1a de f\u00fatbol 5 y 7 que re\u00fanen a equipos de toda la regi\u00f3n. \u00abLa jornada que llevamos a cabo en Marcet es esperada con anhelo por nuestros deportistas. Es una oportunidad \u00fanica de convivencia e integraci\u00f3n a trav\u00e9s del f\u00fatbol\u00bb, resalta el Coordinador de ACELL.<\/p>\n<p> \u00abUno de los objetivos de nuestra fundaci\u00f3n es utilizar el deporte como una herramienta clave para formar individuos, fomentando valores como la pasi\u00f3n, la excelencia, el respeto y la solidaridad, esenciales para el desarrollo integral de cualquier persona\u00bb, se\u00f1ala Jos\u00e9 Ignacio Marcet, presidente y fundador de Marcet Football University. Y agrega: \u00abEsta convicci\u00f3n est\u00e1 en l\u00ednea con la visi\u00f3n de ACELL, lo que nos impulsa a respaldar su compromiso con los deportistas que tienen diversidad funcional intelectual\u00bb.<\/p>\n<p> En un mundo donde la diversidad a veces encuentra barreras, alianzas estrat\u00e9gicas como la de Marcet y ACELL en Barcelona se erigen como facilitadoras de la inclusi\u00f3n social de personas con diversidad funcional intelectual, promoviendo valores positivos en las nuevas generaciones de barceloneses a trav\u00e9s del deporte.<\/p>\n<p> Emisor: Marcet Football University <\/p>\n<p> Contacto: <\/p>\n<p> Gabinete Period\u00edstico<\/p>\n<p> Email de contacto: comunicados@prensaymedios.com<\/p>\n","protected":false},"excerpt":{"rendered":"<p>(Informaci\u00f3n remitida por la empresa firmante) ACELL: \u00abPara las personas con discapacidad funcional es una oportunidad \u00fanica de convivencia e integraci\u00f3n a trav\u00e9s del f\u00fatbol\u00bb Barcelona, 21 de marzo de 2024.- En la ciudad condal, la colaboraci\u00f3n entre la Fundaci\u00f3n Marcet y la Federaci\u00f3n ACELL (Federaci\u00f3n Catalana de Deportes para Personas con Diversidad Funcional Intelectual) [&hellip;]<\/p>\n","protected":false},"author":1,"featured_media":0,"comment_status":"closed","ping_status":"closed","sticky":false,"template":"","format":"standard","meta":{"footnotes":""},"categories":[],"tags":[],"class_list":["post-51398","post","type-post","status-publish","format-standard","hentry"],"_links":{"self":[{"href":"https:\/\/webciudadana.net\/index.php?rest_route=\/wp\/v2\/posts\/51398","targetHints":{"allow":["GET"]}}],"collection":[{"href":"https:\/\/webciudadana.net\/index.php?rest_route=\/wp\/v2\/posts"}],"about":[{"href":"https:\/\/webciudadana.net\/index.php?rest_route=\/wp\/v2\/types\/post"}],"author":[{"embeddable":true,"href":"https:\/\/webciudadana.net\/index.php?rest_route=\/wp\/v2\/users\/1"}],"replies":[{"embeddable":true,"href":"https:\/\/webciudadana.net\/index.php?rest_route=%2Fwp%2Fv2%2Fcomments&post=51398"}],"version-history":[{"count":0,"href":"https:\/\/webciudadana.net\/index.php?rest_route=\/wp\/v2\/posts\/51398\/revisions"}],"wp:attachment":[{"href":"https:\/\/webciudadana.net\/index.php?rest_route=%2Fwp%2Fv2%2Fmedia&parent=51398"}],"wp:term":[{"taxonomy":"category","embeddable":true,"href":"https:\/\/webciudadana.net\/index.php?rest_route=%2Fwp%2Fv2%2Fcategories&post=51398"},{"taxonomy":"post_tag","embeddable":true,"href":"https:\/\/webciudadana.net\/index.php?rest_route=%2Fwp%2Fv2%2Ftags&post=51398"}],"curies":[{"name":"wp","href":"https:\/\/api.w.org\/{rel}","templated":true}]}}