{"id":51399,"date":"2024-03-21T16:28:07","date_gmt":"2024-03-21T15:28:07","guid":{"rendered":"https:\/\/ticker-noticiasep.microcontenidos.com\/NoticiaRSS.vbhtml?user=XRNR562DLR&amp;cod=20240321162807"},"modified":"2024-03-21T16:28:07","modified_gmt":"2024-03-21T15:28:07","slug":"zucchetti-spain-comprometido-con-la-inclusion-laboral-de-las-personas-con-sindrome-de-down","status":"publish","type":"post","link":"https:\/\/webciudadana.net\/?p=51399","title":{"rendered":"Zucchetti Spain, comprometido con la inclusi\u00f3n laboral de las personas con s\u00edndrome de Down"},"content":{"rendered":"\n<div><img decoding=\"async\" src=\"\/wp-content\/uploads\/sites\/2\/2024\/03\/zucchetti-spain-comprometido-con-la-inclusion-laboral-de-las-personas-con-sindrome-de-down.jpg\" class=\"ff-og-image-inserted\"><\/div>\n<p>(Informaci\u00f3n remitida por la empresa firmante)<\/p>\n<p>\nEl fabricante de soluciones de software y hardware, Zucchetti Spain, se une a la Fundaci\u00f3n Adecco en la campa\u00f1a de sensibilizaci\u00f3n \u00ab\u00bfTe suena de algo?\u00bb para promover la inclusi\u00f3n laboral de las personas con S\u00edndrome de Down. En Espa\u00f1a hay m\u00e1s de 23.000 personas con s\u00edndrome de Down en Edad laboral, pero s\u00f3lo 1150 est\u00e1n ocupadas en empresas ordinarias. La campa\u00f1a tiene como protagonista a Pablo Pineda, en la que muestra c\u00f3mo su vida es igual a la de cualquier persona, con sus sue\u00f1os y dificultades<\/p>\n<p>\nMadrid, 21 de marzo de 2024<\/p>\n<p>\nEl fabricante l\u00edder en el mercado IT, Zucchetti Spain, muestra su apoyo a la campa\u00f1a de la Fundaci\u00f3n Adecco en el D\u00eda Mundial de las Personas con S\u00edndrome de Down, que se celebra hoy d\u00eda 21 de marzo.<\/p>\n<p> Desde este enfoque, Zucchetti Spain ha decidido unirse junto a otras 30 empresas comprometidas a la campa\u00f1a \u00abS\u00edndrome de Down, \u00bfte suena de algo?\u00bb, con el objetivo de combatir los prejuicios y estereotipos que impiden a las personas con S\u00edndrome de Down poder participar en distintos espacios sociales, y en particular en el \u00e1mbito laboral.<\/p>\n<p> La campa\u00f1a de concienciaci\u00f3n, protagonizada por Pablo Pineda, embajador de Fundaci\u00f3n Adecco y primer diplomado europeo con S\u00edndrome de Down, se enmarca en el proyecto de \u00abEmpleo para todas las personas\u00bb, cuyo objetivo es impulsar la inclusi\u00f3n laboral de todas las personas con discapacidad, ya que su inclusi\u00f3n en el mercado laboral sigue siendo muy inferior al resto de la poblaci\u00f3n.<\/p>\n<p> Zucchetti Spain expresa su apoyo a la campa\u00f1a de Fundaci\u00f3n Adecco por la inclusi\u00f3n de las personas con S\u00edndrome de Down.<\/p>\n<p> Un aspecto destacado que se trata de se\u00f1alar en esta campa\u00f1a de Fundaci\u00f3n Adecco es que s\u00f3lo un 5% (1150 personas) de las personas con S\u00edndrome de Down en Espa\u00f1a trabajan en entornos laborales no protegidos.<\/p>\n<p> Este dato descorazonador se une a la realidad de que la tasa de paro de las personas con discapacidad a nivel nacional (21,4%) es mucho m\u00e1s alta que la media nacional (12%), lo que pone de manifiesto la necesidad de seguir combatiendo los prejuicios y estereotipos para favorecer la participaci\u00f3n de todas las personas en el \u00e1mbito laboral.<\/p>\n<p> Con el objetivo de ayudar a potenciar la inclusi\u00f3n de las personas con S\u00edndrome de Down, Zucchetti Spain se une as\u00ed en apoyo a esta campa\u00f1a de la Fundaci\u00f3n Adecco a fin de avanzar en el desarrollo de una sociedad donde se tengan en cuenta las capacidades \u00fanicas y singulares de cada persona.<\/p>\n<p> Tal como se ha se\u00f1alado Francisco Mesonero, director general de Fundaci\u00f3n Adecco, cuando hablamos de personas con discapacidad intelectual \u00ablas desigualdades tienden a ensancharse\u00bb, ya que existe un mayor \u00abdesconocimiento y falta de experiencias previas\u00bb, lo que da lugar a que se tenga una percepci\u00f3n err\u00f3nea y se les excluya de los procesos de selecci\u00f3n y contrataci\u00f3n.<\/p>\n<p> Seg\u00fan ha indicado Francisco Mesonero, \u00abel prop\u00f3sito de esta campa\u00f1a es abrir los ojos a la sociedad, inspirando cambios de actitud que pongan en valor a las personas, por encima de cualquier etiqueta\u00bb.<\/p>\n<p> Pablo Pineda invita a reconocer el talento de las personas con S\u00edndrome de Down.<\/p>\n<p> La campa\u00f1a \u00abS\u00edndrome de Down, \u00bfte suena de algo?\u00bb, tiene como principal protagonista a Pablo Pineda, una persona con S\u00edndrome de Down que es un referente a nivel nacional en el \u00e1mbito de la discapacidad intelectual.<\/p>\n<p> Las acciones de esta campa\u00f1a est\u00e1n orientadas a destacar las similitudes por encima de las diferencias, ya que \u00abes mucho m\u00e1s lo que nos une que lo que nos separa\u00bb.<\/p>\n<p> En el \u00e1mbito de esta campa\u00f1a, Pablo Pineda hace un recorrido por las diferentes etapas que ha atravesado durante su vida, desde la infancia hacia la madurez, reflejando que ha tenido una vida igual a la de cualquier otra persona, con amor, risas y sue\u00f1os. Desde muy joven tuvo pasi\u00f3n por la m\u00fasica y hoy d\u00eda es una persona adulta que paga sus factores y tiene sus d\u00edas mejores<\/p>\n<p>\nTal como se\u00f1ala Pablo Pineda, \u00abno hay un nosotros (personas con S\u00edndrome de Down) frente a ellos (resto de la poblaci\u00f3n\u00bb. A trav\u00e9s de esta campa\u00f1a se trata de destacar la necesidad de entender que la discapacidad intelectual \u00abno puede convertirse en un estigma, pues es solo una caracter\u00edstica m\u00e1s\u00bb. Adem\u00e1s, el protagonista de la campa\u00f1a tambi\u00e9n se\u00f1ala que las personas con S\u00edndrome de Down tienen cualidades ejemplares que merecen ser visibilizadas.<\/p>\n<p> \u00abEn general, tenemos buenas capacidades sociales, empat\u00eda y sentido del humor. Las empresas que se enfoquen y potencien estos aspectos ser\u00e1n las que se queden con nuestro talento\u00bb, se\u00f1ala Pineda.<\/p>\n<p> Sobre el Grupo Zucchetti<\/p>\n<p>\n*Con m\u00e1s de 40 a\u00f1os de historia, una facturaci\u00f3n de 1.300 millones de euros en 2022 (proforma), m\u00e1s de 700.000 clientes, 8.000 empleados, 1.650 distribuidores en Italia y otros 350 a escala internacional, el Grupo Zucchetti es uno de los principales fabricantes de software de Europa y la primera compa\u00f1\u00eda italiana de software desde 2006 (ranking Top5 IT de IDC Italia), con soluciones de gesti\u00f3n de RR.HH., ERP-CRM, rob\u00f3tica, soluciones TPV para hosteler\u00eda y retail, automatizaci\u00f3n, Internet de las cosas, M2M y sistemas de control de accesos y videovigilancia.<\/p>\n<p> Est\u00e1 presente en m\u00e1s de 30 ciudades de Italia y en 15 pa\u00edses, con oficinas en Francia, Alemania, Ruman\u00eda, Espa\u00f1a, Suiza, Brasil, Reino Unido, EE.UU., Austria, Bulgaria, M\u00e9xico, Polonia, Canad\u00e1, Emiratos \u00c1rabes Unidos y China, un proyecto de expansi\u00f3n en constante crecimiento.<\/p>\n<p> Zucchetti en Espa\u00f1a<\/p>\n<p>\n*El Grupo Zucchetti est\u00e1 presente en el pa\u00eds a trav\u00e9s de Zucchetti Spain. Con m\u00e1s de 35 a\u00f1os de experiencia, es un punto de referencia en el sector TI del*pa\u00eds, donde cuenta con 300 empleados y un canal de partners formado por 300 profesionales certificados, una facturaci\u00f3n de 22 millones de euros en 2023 y m\u00e1s de 4.000 clientes.<\/p>\n<p> Su cat\u00e1logo de soluciones tecnol\u00f3gicas es el m\u00e1s amplio del mercado al sumar a las desarrolladas en Espa\u00f1a, el portfolio de soluciones de software y hardware del Grupo Zucchetti. Destacan sus soluciones de software de gesti\u00f3n empresarial ERP-CRM, MES, BI, programaci\u00f3n y planificaci\u00f3n de la producci\u00f3n; gesti\u00f3n de RR.HH., n\u00f3mina, movilidad y espacios de trabajo; software TPV para el canal HORECA y el comercio minorista, software para asesor\u00edas y gesti\u00f3n de despachos y soluciones de ciberseguridad.<\/p>\n<p> Zucchetti Spain mantiene una firme apuesta por la innovaci\u00f3n, con centros I+D+i locales, el apoyo de 2.000 expertos en esta \u00e1rea del Grupo Zucchetti, e importantes reconocimientos: en 2023, \u00abPremio Mejor Software de Gesti\u00f3n Empresarial\u00bb (XXIII Premios Byte TI); en 2022, \u00abPremio Innovaci\u00f3n\u00bb (XXXIII Premios Dirigentes a la Excelencia Empresarial); y en 2021 \u00abPremio Innovaci\u00f3n en Desarrollo de Software\u00bb*(Asociaci\u00f3n Europea de Econom\u00eda y Competitividad).<\/p>\n<p> Contacto<\/p>\n<p>\nNombre contacto: Joseba F\u00ednez<\/p>\n<p>\nDescripci\u00f3n contacto: Director de Marketing de Zucchetti en Espa\u00f1a<\/p>\n<p>\nTel\u00e9fono de contacto: +34 94 427 13 62<\/p>\n","protected":false},"excerpt":{"rendered":"<p>(Informaci\u00f3n remitida por la empresa firmante) El fabricante de soluciones de software y hardware, Zucchetti Spain, se une a la Fundaci\u00f3n Adecco en la campa\u00f1a de sensibilizaci\u00f3n \u00ab\u00bfTe suena de algo?\u00bb para promover la inclusi\u00f3n laboral de las personas con S\u00edndrome de Down. En Espa\u00f1a hay m\u00e1s de 23.000 personas con s\u00edndrome de Down en [&hellip;]<\/p>\n","protected":false},"author":1,"featured_media":0,"comment_status":"closed","ping_status":"closed","sticky":false,"template":"","format":"standard","meta":{"footnotes":""},"categories":[],"tags":[],"class_list":["post-51399","post","type-post","status-publish","format-standard","hentry"],"_links":{"self":[{"href":"https:\/\/webciudadana.net\/index.php?rest_route=\/wp\/v2\/posts\/51399","targetHints":{"allow":["GET"]}}],"collection":[{"href":"https:\/\/webciudadana.net\/index.php?rest_route=\/wp\/v2\/posts"}],"about":[{"href":"https:\/\/webciudadana.net\/index.php?rest_route=\/wp\/v2\/types\/post"}],"author":[{"embeddable":true,"href":"https:\/\/webciudadana.net\/index.php?rest_route=\/wp\/v2\/users\/1"}],"replies":[{"embeddable":true,"href":"https:\/\/webciudadana.net\/index.php?rest_route=%2Fwp%2Fv2%2Fcomments&post=51399"}],"version-history":[{"count":0,"href":"https:\/\/webciudadana.net\/index.php?rest_route=\/wp\/v2\/posts\/51399\/revisions"}],"wp:attachment":[{"href":"https:\/\/webciudadana.net\/index.php?rest_route=%2Fwp%2Fv2%2Fmedia&parent=51399"}],"wp:term":[{"taxonomy":"category","embeddable":true,"href":"https:\/\/webciudadana.net\/index.php?rest_route=%2Fwp%2Fv2%2Fcategories&post=51399"},{"taxonomy":"post_tag","embeddable":true,"href":"https:\/\/webciudadana.net\/index.php?rest_route=%2Fwp%2Fv2%2Ftags&post=51399"}],"curies":[{"name":"wp","href":"https:\/\/api.w.org\/{rel}","templated":true}]}}