{"id":51408,"date":"2024-03-21T18:23:08","date_gmt":"2024-03-21T17:23:08","guid":{"rendered":"https:\/\/ticker-noticiasep.microcontenidos.com\/NoticiaRSS.vbhtml?user=XRNR562DLR&amp;cod=20240321182308"},"modified":"2024-03-21T18:23:08","modified_gmt":"2024-03-21T17:23:08","slug":"fundacion-ecolec-reconoce-a-huesca-por-primera-vez-como-ciudad-greenweek","status":"publish","type":"post","link":"https:\/\/webciudadana.net\/?p=51408","title":{"rendered":"Fundaci\u00f3n Ecolec reconoce a Huesca por primera vez como Ciudad #GreenWeek"},"content":{"rendered":"\n<div><img decoding=\"async\" src=\"\/wp-content\/uploads\/sites\/2\/2024\/03\/fundacion-ecolec-reconoce-a-huesca-por-primera-vez-como-ciudad-greenweek.jpg\" class=\"ff-og-image-inserted\"><\/div>\n<p> HUESCA, 21 (EUROPA PRESS)<\/p>\n<p> Fundaci\u00f3n Ecolec, organizaci\u00f3n sin \u00e1nimo de lucro que centra su actividad en el reciclaje de aparatos el\u00e9ctricos y electr\u00f3nicos (RAEE), ha otorgado por primera vez el reconocimiento Ciudad #GreenWeek a Huesca por su implicaci\u00f3n en la s\u00e9ptima edici\u00f3n de la iniciativa #GreenWeek.<\/p>\n<p> Huesca ha recibido este reconocimiento, que se entrega por tercera vez, por su alto grado de implicaci\u00f3n en la #GreenWeek23. En las dos primeras ocasiones el galard\u00f3n fue a parar a la ciudad de M\u00e9rida.<\/p>\n<p> Entre los criterios a tener en cuenta han estado el n\u00famero de kilos de RAEE por habitante recogidos durante la campa\u00f1a; la alta implicaci\u00f3n de los vecinos de Huesca que han acudido en un alto n\u00famero a los puntos informativos habilitados en su ciudad. Tambi\u00e9n, las facilidades prestadas por el Ayuntamiento de Huesca para celebrar la acci\u00f3n en sus calles y de Grhusa (Gesti\u00f3n de Residuos Huesca), que gestiona el funcionamiento del punto limpio de Huesca, para que puedan continuar con esta labor de separaci\u00f3n y se sigan recogiendo los aparatos que se desechan en los hogares.<\/p>\n<p> El director general de Fundaci\u00f3n Ecolec, Luis Moreno, ha se\u00f1alado que \u00abes un aut\u00e9ntico placer ver que ciudades como Huesca y tantas otras se esfuerzan de esta forma en nuestra #GreenWeek que este a\u00f1o llevar\u00e1 a cabo su octava edici\u00f3n. Estamos enormemente agradecidos con la ciudad\u00bb.<\/p>\n<p> Tambi\u00e9n ha agregago que \u00abdurante estos a\u00f1os la iniciativa ha recogido entre la ciudadan\u00eda m\u00e1s de ocho toneladas y media de residuos de peque\u00f1os aparatos el\u00e9ctricos y electr\u00f3nicos y hemos conseguido llevar la campa\u00f1a a casi una treintena ciudades en toda Espa\u00f1a; logros han sido posibles gracias a la colaboraci\u00f3n de los gobiernos municipales que nos han permitido llevar a cabo las diferentes ediciones de #GreenWeek\u00bb, ha recalcado Luis Moreno.<\/p>\n<p> Por su parte, la alcaldesa de Huesca, Lorena Orduna, ha expresado su entusiasmo con la obtenci\u00f3n de este galard\u00f3n tan importante: \u00abTenemos felicitar a los oscenses porque gracias a que reciclan y gestionan correctamente los residuos urbanos hemos podido recibir este premio\u00bb.<\/p>\n<p>\nUN BAOBAB CON UNA ESCALERA INFINITA <\/p>\n<p> El galard\u00f3n con el que ha sido premiada Huesca es un baobab rodeado por una escalera infinita. Seg\u00fan los informes que desarrolla la Universidad de Naciones Unidas sobre la gesti\u00f3n de la basura electr\u00f3nica, en Noruega se generan 28,5 kilos por habitante y a\u00f1o frente a los dos kilos, de media, de los pa\u00edses africanos que normalmente se convierten en receptores de este tipo de residuos.<\/p>\n<p> Con este baobab, el artista ibicenco Andreu Moreno ha querido poner de manifiesto que una mala gesti\u00f3n de los residuos en Europa afecta a todo el Planeta y que no se debe desplazar dicha carga ambiental a otras regiones menos desarrolladas.<\/p>\n<p> Este baobab que se entregar\u00e1 a Huesca, adem\u00e1s, quiere reconocer y poner en valor el papel de la municipalidad. Seg\u00fan Naciones Unidas, cerca del 70% de la poblaci\u00f3n del planeta vivir\u00e1 en ciudades en 2050. <\/p>\n","protected":false},"excerpt":{"rendered":"<p>HUESCA, 21 (EUROPA PRESS) Fundaci\u00f3n Ecolec, organizaci\u00f3n sin \u00e1nimo de lucro que centra su actividad en el reciclaje de aparatos el\u00e9ctricos y electr\u00f3nicos (RAEE), ha otorgado por primera vez el reconocimiento Ciudad #GreenWeek a Huesca por su implicaci\u00f3n en la s\u00e9ptima edici\u00f3n de la iniciativa #GreenWeek. Huesca ha recibido este reconocimiento, que se entrega por [&hellip;]<\/p>\n","protected":false},"author":1,"featured_media":0,"comment_status":"closed","ping_status":"closed","sticky":false,"template":"","format":"standard","meta":{"footnotes":""},"categories":[],"tags":[],"class_list":["post-51408","post","type-post","status-publish","format-standard","hentry"],"_links":{"self":[{"href":"https:\/\/webciudadana.net\/index.php?rest_route=\/wp\/v2\/posts\/51408","targetHints":{"allow":["GET"]}}],"collection":[{"href":"https:\/\/webciudadana.net\/index.php?rest_route=\/wp\/v2\/posts"}],"about":[{"href":"https:\/\/webciudadana.net\/index.php?rest_route=\/wp\/v2\/types\/post"}],"author":[{"embeddable":true,"href":"https:\/\/webciudadana.net\/index.php?rest_route=\/wp\/v2\/users\/1"}],"replies":[{"embeddable":true,"href":"https:\/\/webciudadana.net\/index.php?rest_route=%2Fwp%2Fv2%2Fcomments&post=51408"}],"version-history":[{"count":0,"href":"https:\/\/webciudadana.net\/index.php?rest_route=\/wp\/v2\/posts\/51408\/revisions"}],"wp:attachment":[{"href":"https:\/\/webciudadana.net\/index.php?rest_route=%2Fwp%2Fv2%2Fmedia&parent=51408"}],"wp:term":[{"taxonomy":"category","embeddable":true,"href":"https:\/\/webciudadana.net\/index.php?rest_route=%2Fwp%2Fv2%2Fcategories&post=51408"},{"taxonomy":"post_tag","embeddable":true,"href":"https:\/\/webciudadana.net\/index.php?rest_route=%2Fwp%2Fv2%2Ftags&post=51408"}],"curies":[{"name":"wp","href":"https:\/\/api.w.org\/{rel}","templated":true}]}}