{"id":51416,"date":"2024-03-22T10:45:46","date_gmt":"2024-03-22T09:45:46","guid":{"rendered":"https:\/\/ticker-noticiasep.microcontenidos.com\/NoticiaRSS.vbhtml?user=XRNR562DLR&amp;cod=20240322104546"},"modified":"2024-03-22T10:45:46","modified_gmt":"2024-03-22T09:45:46","slug":"mercadona-donara-diariamente-alimentos-a-la-asociacion-comarcal-pro-capacidad-de-la-solana-ciudad-real","status":"publish","type":"post","link":"https:\/\/webciudadana.net\/?p=51416","title":{"rendered":"Mercadona donar\u00e1 diariamente alimentos a la asociaci\u00f3n comarcal Pro-Capacidad de La Solana (Ciudad Real)"},"content":{"rendered":"\n<div><img decoding=\"async\" src=\"\/wp-content\/uploads\/sites\/2\/2024\/03\/mercadona-donara-diariamente-alimentos-a-la-asociacion-comarcal-pro-capacidad-de-la-solana-ciudad-real.jpg\" class=\"ff-og-image-inserted\"><\/div>\n<p> CIUDAD REAL, 22 (EUROPA PRESS)<\/p>\n<p> La compa\u00f1\u00eda Mercadona ha comenzado esta semana una colaboraci\u00f3n con la asociaci\u00f3n comarcal Pro-Capacidad de La Solana (Ciudad Real) con la que se compromete a donar diariamente productos de primera necesidad a esta entidad.<\/p>\n<p> \u00abEsta nueva colaboraci\u00f3n reafirma el compromiso social de la compa\u00f1\u00eda y nos hace sentir muy orgullosos de poder aportar nuestra peque\u00f1a contribuci\u00f3n con esta Asociaci\u00f3n para que sigan desempe\u00f1ando su labor de atenci\u00f3n a las personas m\u00e1s desfavorecidas y necesitadas de La Solana\u00bb, ha destacado el director de Relaciones Externas de Mercadona en Castilla-La Mancha, Jos\u00e9 Ruiz, seg\u00fan informa la empresa.<\/p>\n<p> Por su parte la directora de los servicios de dicha asociaci\u00f3n, Emilia Intillaque, ha agradecido a Mercadona el compromiso y la solidaridad con las personas m\u00e1s vulnerables.<\/p>\n<p> \u00abEsta donaci\u00f3n de alimentos es un gran aporte para la asociaci\u00f3n, facilitando as\u00ed, nuestra labor a favor de las personas con discapacidad intelectual y sus familias\u00bb, ha dicho Intillaque.<\/p>\n<p> \u00abMercadona ha vuelto a demostrar en 2023 que es una empresa que se implica y escucha las necesidades de la sociedad castellanomanchega\u00bb, destaca la propia empresa.<\/p>\n<p> As\u00ed lo pone de manifiesto las toneladas de alimentos y productos b\u00e1sicos donadas a entidades sociales de toda la comunidad como los Bancos de Alimentos provinciales, a la Residencia Santa Teresa Jornet y la Residencia Santo Angel de Ciudad Real, la Parroquia Nuestra Se\u00f1ora de la Asunci\u00f3n de Miguelturra, las Hermanas de la Cruz en Puertollano y Ciudad Real as\u00ed como a las Hermanitas de los Ancianos Desamparados en Cuenca, Tomelloso y Albacete entre otras entidades que realizan una labor social encomiable ayudando a numerosas familias con una excelente gesti\u00f3n de estos alimentos.<\/p>\n<p> Una pol\u00edtica de acci\u00f3n social sostenible integrada en la estrategia de RSE de Mercadona Mercadona, dentro del compromiso de compartir con la sociedad parte de cuanto recibe de ella, desarrolla su Plan de Responsabilidad Social, que atiende el componente social y \u00e9tico a trav\u00e9s de distintas l\u00edneas sostenibles de actuaci\u00f3n que refuerzan su apuesta por el crecimiento compartido.<\/p>\n<p> Como parte de esta pol\u00edtica, Mercadona colabora con m\u00e1s de 350 comedores sociales, 60 bancos de alimentos y otras entidades sociales de Espa\u00f1a y Portugal a los que dona diariamente alimentos, y participa en las campa\u00f1as de recogida de alimentos que dichas entidades organizan.<\/p>\n<p> Igualmente, Mercadona colabora intensamente con 32 fundaciones y centros ocupacionales en la decoraci\u00f3n de sus tiendas con murales de trencad\u00eds, elaborados por m\u00e1s de 1.000 personas con distintos grados de discapacidad.<\/p>\n<p> Otra l\u00ednea estrat\u00e9gica del Plan de Responsabilidad Social de Mercadona es la sostenibilidad medioambiental. Para ello, Mercadona cuenta con un Sistema de Gesti\u00f3n Ambiental propio, basado en los principios de la Econom\u00eda Circular y enfocado a la optimizaci\u00f3n log\u00edstica, la eficiencia energ\u00e9tica, la gesti\u00f3n de residuos, la producci\u00f3n sostenible y la reducci\u00f3n de pl\u00e1stico.<\/p>\n<p> Mercadona es socia desde el a\u00f1o 2011 del Pacto Mundial de Naciones Unidas para la defensa de los valores fundamentales en materia de Derechos Humanos, Normas Laborales, Medio Ambiente y Lucha contra la Corrupci\u00f3n.<\/p>\n","protected":false},"excerpt":{"rendered":"<p>CIUDAD REAL, 22 (EUROPA PRESS) La compa\u00f1\u00eda Mercadona ha comenzado esta semana una colaboraci\u00f3n con la asociaci\u00f3n comarcal Pro-Capacidad de La Solana (Ciudad Real) con la que se compromete a donar diariamente productos de primera necesidad a esta entidad. \u00abEsta nueva colaboraci\u00f3n reafirma el compromiso social de la compa\u00f1\u00eda y nos hace sentir muy orgullosos [&hellip;]<\/p>\n","protected":false},"author":1,"featured_media":0,"comment_status":"closed","ping_status":"closed","sticky":false,"template":"","format":"standard","meta":{"footnotes":""},"categories":[],"tags":[],"class_list":["post-51416","post","type-post","status-publish","format-standard","hentry"],"_links":{"self":[{"href":"https:\/\/webciudadana.net\/index.php?rest_route=\/wp\/v2\/posts\/51416","targetHints":{"allow":["GET"]}}],"collection":[{"href":"https:\/\/webciudadana.net\/index.php?rest_route=\/wp\/v2\/posts"}],"about":[{"href":"https:\/\/webciudadana.net\/index.php?rest_route=\/wp\/v2\/types\/post"}],"author":[{"embeddable":true,"href":"https:\/\/webciudadana.net\/index.php?rest_route=\/wp\/v2\/users\/1"}],"replies":[{"embeddable":true,"href":"https:\/\/webciudadana.net\/index.php?rest_route=%2Fwp%2Fv2%2Fcomments&post=51416"}],"version-history":[{"count":0,"href":"https:\/\/webciudadana.net\/index.php?rest_route=\/wp\/v2\/posts\/51416\/revisions"}],"wp:attachment":[{"href":"https:\/\/webciudadana.net\/index.php?rest_route=%2Fwp%2Fv2%2Fmedia&parent=51416"}],"wp:term":[{"taxonomy":"category","embeddable":true,"href":"https:\/\/webciudadana.net\/index.php?rest_route=%2Fwp%2Fv2%2Fcategories&post=51416"},{"taxonomy":"post_tag","embeddable":true,"href":"https:\/\/webciudadana.net\/index.php?rest_route=%2Fwp%2Fv2%2Ftags&post=51416"}],"curies":[{"name":"wp","href":"https:\/\/api.w.org\/{rel}","templated":true}]}}