{"id":51420,"date":"2024-03-22T12:12:51","date_gmt":"2024-03-22T11:12:51","guid":{"rendered":"https:\/\/ticker-noticiasep.microcontenidos.com\/NoticiaRSS.vbhtml?user=XRNR562DLR&amp;cod=20240322121251"},"modified":"2024-03-22T12:12:51","modified_gmt":"2024-03-22T11:12:51","slug":"el-emprendimiento-social-protagonista-del-princesa-de-girona-congresfest-en-cadiz","status":"publish","type":"post","link":"https:\/\/webciudadana.net\/?p=51420","title":{"rendered":"El emprendimiento social, protagonista del Princesa de Girona CongresFest en C\u00e1diz"},"content":{"rendered":"\n<div><img decoding=\"async\" src=\"\/wp-content\/uploads\/sites\/2\/2024\/03\/el-emprendimiento-social-protagonista-del-princesa-de-girona-congresfest-en-cadiz.jpg\" class=\"ff-og-image-inserted\"><\/div>\n<p> C\u00c1DIZ, 22 (EUROPA PRESS)<\/p>\n<p> El Tour del talento en C\u00e1diz ha celebrado esta semana el Princesa de Girona CongresFest, con la asistencia de m\u00e1s de 1.200 personas, la mayor\u00eda de ellas j\u00f3venes, al acto central del Tour, presidido este d\u00eda por el rey Felipe VI, que ha girado en torno al emprendimiento social.<\/p>\n<p> El acto en el Palacio de Congresos de C\u00e1diz ha estado presentado por Bego\u00f1a Arana, Premio Princesa de Girona Social 2019 y directora de la asociaci\u00f3n gaditana Betania, y Miriam Reyes, Premio Princesa de Girona Social 2017 y fundadora y CEO en Escuelas Visuales, como ha indicado la organizaci\u00f3n.<\/p>\n<p> Este evento ha comenzado con la ponencia de Pablo Fern\u00e1ndez, emprendedor multifac\u00e9tico y patrono de la Fundaci\u00f3n Princesa de Girona, fundador de Clidrive y que ostenta cinco R\u00e9cords Guinness en nataci\u00f3n de aguas abiertas que ha compartido con los j\u00f3venes su historia de \u00e9xito como emprendedor y deportista.<\/p>\n<p> A continuaci\u00f3n, ha intervenido Jos\u00e9 Miguel Berm\u00fadez, Premio Princesa de Girona Empresa 2018, ha explicado su innovador proyecto, bound4blue (b4b), una empresa en proyecci\u00f3n que est\u00e1 revolucionando el transporte mar\u00edtimo para reducir las emisiones gracias a la implantaci\u00f3n en los buques de grandes velas de empuje y energ\u00eda e\u00f3lica.<\/p>\n<p> Tras \u00e9l, le ha llegado el turno a Aleix Valls, CEO y cofundador de la consultora Liquid, adem\u00e1s de experto en innovaci\u00f3n y transformaci\u00f3n digital. Valls ha dado una charla inspiracional donde ha animado a los j\u00f3venes a encontrar un equilibrio personal entre el trabajo, el esfuerzo y las relaciones personales para encontrar la f\u00f3rmula de la felicidad.<\/p>\n<p> Ya en el auditorio, el rey Felipe VI ha asistido a la presentaci\u00f3n de &#8216;Generaci\u00f3n arte&#8217;, el nuevo proyecto que promueve la Fundaci\u00f3n Princesa de Girona con la colaboraci\u00f3n del Teatro Real, EY y Secuoya, a cargo del gaditano Federico Linares, presidente de EY Espa\u00f1a, y la artista Nia Zal\u00e9n.<\/p>\n<p> Despu\u00e9s de un a\u00f1o visitando colegios y universidades de toda Espa\u00f1a y viviendo con miles de alumnos el impacto del proyecto AmplificARTE, la Fundaci\u00f3n ha decidido comprometerse \u00aba\u00fan m\u00e1s\u00bb con la m\u00fasica con prop\u00f3sito, creada para hacer un mundo mejor a trav\u00e9s de este programa que nace para impulsar la trayectoria de artistas emergentes que quieren utilizar la m\u00fasica para inspirar, educar y promover valores y bienestar emocional entre los j\u00f3venes.<\/p>\n<p> Aleix Valls ha vuelto a subir al escenario y ha invitado a los asistentes a conocer la experiencia de Aida Galera, joven participante de &#8216;Generaci\u00f3n prop\u00f3sito&#8217;, programa de desarrollo competencial que conecta talento para generar iniciativas con impacto positivo en la sociedad. Esta joven ha creado StartKidsUp, donde ayudan a ni\u00f1os y ni\u00f1as de 6 a 12 a\u00f1os a desarrollar las habilidades clave como la autoestima, el liderazgo o la creatividad, entre otros, a partir de talleres y extraescolares de emprendimiento social.<\/p>\n<p> Tras una breve charla de las premiadas en la categor\u00eda Social, Bego\u00f1a Arana y Miriam Reyes, en la que han compartido con el p\u00fablico c\u00f3mo han hecho de su prop\u00f3sito social un proyecto de impacto, y la entrevista al patrono de la Fundaci\u00f3n, Pablo Fern\u00e1ndez, ha llegado el momento de la proclamaci\u00f3n de Daniel Millor como Premio Princesa de Girona Social 2024 por \u00absu compromiso vital como arquitecto y activista social y solidario, promoviendo la regeneraci\u00f3n comunitaria de barrios vulnerados, empoderando a sus habitantes en el desarrollo de su propio bienestar y mejora de su salud\u00bb, con su Programa Asertos desde Quatorze y Arquitectura Sin Fronteras.<\/p>\n<p>\nGENERACI\u00d3N PROP\u00d3SITO <\/p>\n<p> Durante el evento se ha presentado la cantera de j\u00f3venes emprendedores sociales de la Fundaci\u00f3n, miembros del programa &#8216;Generaci\u00f3n prop\u00f3sito&#8217;, que se dirige a j\u00f3venes de 20 a 30 a\u00f1os con potencial de liderazgo social y que tiene como objetivo central impulsar, acompa\u00f1ar y acelerar el crecimiento personal y profesional de j\u00f3venes con prop\u00f3sito y con voluntad de crear un futuro m\u00e1s inclusivo y sostenible en los \u00e1mbitos de salud y calidad de vida, sostenibilidad y medio ambiente, igualdad de oportunidades, educaci\u00f3n, cultura y &#8216;Tech for Good&#8217;.<\/p>\n<p> El Tour del Talento 2024 en C\u00e1diz ha continuado con un Foro de Transformaci\u00f3n Educativa, dirigido a la comunidad docente, centrado en el bienestar emocional del alumnado y en c\u00f3mo la m\u00fasica permite trabajar la conciencia y la estabilidad emocional, la atenci\u00f3n, la motivaci\u00f3n o la empat\u00eda de una forma innovadora.<\/p>\n<p> Un bautismo del mar con actividades relacionadas con el Foiling Base, unas visitas al Estadio Nuevo Mirandilla con el C\u00e1diz CF Genuine o una visita guiada a la Casa del Carnaval, entre otras actividades vespertinas, han cerrado ese d\u00eda ecuador de la semana del talento.<\/p>\n<p> El Tour del talento 2024 es posible gracias a la alianza estrat\u00e9gica de la Fundaci\u00f3n Princesa de Girona con TRIVU y a la colaboraci\u00f3n de Norvento Enerx\u00eda, Renfe, Fundaci\u00f3 Banc Sabadell y Fundaci\u00f3n Vertex Bioenergy. El Tour del talento en C\u00e1diz se organiza junto al Ayuntamiento de C\u00e1diz y cuenta, adem\u00e1s, con la colaboraci\u00f3n de la Junta de Andaluc\u00eda y la Diputaci\u00f3n de C\u00e1diz y el soporte de La Universidad de C\u00e1diz (UCA), La Zona Franca de C\u00e1diz, La C\u00e1mara de Comercio de C\u00e1diz, Lideremos, El Teatro Real, APD, AECOC y CESUR.<\/p>\n<p> El Tour del talento 2024 en C\u00e1diz se extender\u00e1 hasta el viernes d\u00eda 22 de marzo, con m\u00e1s de 40 actividades orientadas a mejorar la empleabilidad de los j\u00f3venes, que se celebrar\u00e1n en diferentes espacios de la ciudad.<\/p>\n","protected":false},"excerpt":{"rendered":"<p>C\u00c1DIZ, 22 (EUROPA PRESS) El Tour del talento en C\u00e1diz ha celebrado esta semana el Princesa de Girona CongresFest, con la asistencia de m\u00e1s de 1.200 personas, la mayor\u00eda de ellas j\u00f3venes, al acto central del Tour, presidido este d\u00eda por el rey Felipe VI, que ha girado en torno al emprendimiento social. El acto [&hellip;]<\/p>\n","protected":false},"author":1,"featured_media":0,"comment_status":"closed","ping_status":"closed","sticky":false,"template":"","format":"standard","meta":{"footnotes":""},"categories":[],"tags":[],"class_list":["post-51420","post","type-post","status-publish","format-standard","hentry"],"_links":{"self":[{"href":"https:\/\/webciudadana.net\/index.php?rest_route=\/wp\/v2\/posts\/51420","targetHints":{"allow":["GET"]}}],"collection":[{"href":"https:\/\/webciudadana.net\/index.php?rest_route=\/wp\/v2\/posts"}],"about":[{"href":"https:\/\/webciudadana.net\/index.php?rest_route=\/wp\/v2\/types\/post"}],"author":[{"embeddable":true,"href":"https:\/\/webciudadana.net\/index.php?rest_route=\/wp\/v2\/users\/1"}],"replies":[{"embeddable":true,"href":"https:\/\/webciudadana.net\/index.php?rest_route=%2Fwp%2Fv2%2Fcomments&post=51420"}],"version-history":[{"count":0,"href":"https:\/\/webciudadana.net\/index.php?rest_route=\/wp\/v2\/posts\/51420\/revisions"}],"wp:attachment":[{"href":"https:\/\/webciudadana.net\/index.php?rest_route=%2Fwp%2Fv2%2Fmedia&parent=51420"}],"wp:term":[{"taxonomy":"category","embeddable":true,"href":"https:\/\/webciudadana.net\/index.php?rest_route=%2Fwp%2Fv2%2Fcategories&post=51420"},{"taxonomy":"post_tag","embeddable":true,"href":"https:\/\/webciudadana.net\/index.php?rest_route=%2Fwp%2Fv2%2Ftags&post=51420"}],"curies":[{"name":"wp","href":"https:\/\/api.w.org\/{rel}","templated":true}]}}