{"id":51422,"date":"2024-03-22T12:29:48","date_gmt":"2024-03-22T11:29:48","guid":{"rendered":"https:\/\/ticker-noticiasep.microcontenidos.com\/NoticiaRSS.vbhtml?user=XRNR562DLR&amp;cod=20240322122948"},"modified":"2024-03-22T12:29:48","modified_gmt":"2024-03-22T11:29:48","slug":"seleccionados-los-finalistas-de-x-talento-challenge-de-fundacion-once-a-favor-del-emprendimiento-con-impacto-social","status":"publish","type":"post","link":"https:\/\/webciudadana.net\/?p=51422","title":{"rendered":"Seleccionados los finalistas de &#8216;X Talento Challenge&#8217; de Fundaci\u00f3n ONCE a favor del emprendimiento con impacto social"},"content":{"rendered":"\n<div><img decoding=\"async\" src=\"\/wp-content\/uploads\/sites\/2\/2024\/03\/seleccionados-los-finalistas-de-x-talento-challenge-de-fundacion-once-a-favor-del-emprendimiento-con-impacto-social.jpg\" class=\"ff-og-image-inserted\"><\/div>\n<p> MADRID, 22 (EUROPA PRESS)<\/p>\n<p> Un total de 25 equipos procedentes de doce comunidades aut\u00f3nomas han sido seleccionados como finalistas de la segunda edici\u00f3n de &#8216;X Talento Challenge&#8217;, un concurso inclusivo impulsado por Fundaci\u00f3n ONCE que trata de promover el esp\u00edritu emprendedor con impacto social entre la juventud espa\u00f1ola.<\/p>\n<p> El certamen est\u00e1 dirigido a j\u00f3venes de entre 14 y 21 a\u00f1os tanto de dentro como de fuera del \u00e1mbito educativo, organizados en equipos formados por participantes con y sin discapacidad decididos a dise\u00f1ar un proyecto con impacto social positivo en su entorno.<\/p>\n<p> En concreto los proyectos finalistas proceden de Andaluc\u00eda (7), Galicia (3), Navarra (3), Extremadura (2), Madrid (2), Murcia (2), Asturias (1), Baleares (1), Castilla-La Mancha (1), Castilla y Le\u00f3n (1), Pa\u00eds Vasco (1) y Valencia (1).<\/p>\n<p> En el caso de Andaluc\u00eda los finalistas son &#8216;5 por la 11&#8217;, del IES Alhama de Granada, con el proyecto &#8216;Camina sin l\u00edmites&#8217;; &#8216;MAR&#8217;, del IES Montes Orientales de Granada, con el proyecto &#8216;Contigo&#8217;; &#8216;Inclusia2&#8217;, del IES Medina Azahara de C\u00f3rdoba, con el proyecto &#8216;Pictomaps&#8217;; &#8216;A mi manera&#8217;, del IES Ipagro de C\u00f3rdoba; &#8216;\u00bfPreparados?&#8217;, del IES Mar Serena de Almer\u00eda; &#8216;GreenTeam 2.0&#8217;, del IES Universidad Laboral, con el proyecto &#8216;Transforma tu pueblo, lucha por tu futuro&#8217;, y el equipo &#8216;EQUALITY&#8217;, del IES San Pablo, con el proyecto &#8216;Equality in the family&#8217;.<\/p>\n<p> En Galicia han sido seleccionados tres proyectos: en Pontevedra el equipo &#8216;IMAXINA E AX&#8217;, de la Asociaci\u00f3n Xuvenil Imaxina e Axuda, con el proyecto &#8216;Ponte las Gafas&#8217;, y el equipo &#8216;Sumando Capacidades&#8217;, del Colegio Padres Somascos, con el proyecto &#8216;Por la inclusi\u00f3n&#8217;; y en Coru\u00f1a &#8216;Charichachis&#8217;, del CEE Nosa Se\u00f1ora do Rosario, con el proyecto &#8216;Escalando hacia la inclusi\u00f3n&#8217;.<\/p>\n<p> Tambi\u00e9n han sido tres los proyectos elegidos en Navarra: el equipo &#8216;CI Agrofores&#8217;, del Centro Integrado Agroforestal, con el proyecto &#8216;Ayudamos en la huerta escolar&#8217;; &#8216;O\u00eddo Cocina&#8217;, del CI Burlada FP, con el proyecto &#8216;Comunicaci\u00f3n para tod@s&#8217;, y el equipo &#8216;Tabla a tabla&#8217;, del IES EGA.<\/p>\n<p> En Extremadura los finalistas son el equipo &#8216;Padrinos&#8217;, del Colegio San Antonio de Padua de C\u00e1ceres, y el equipo ACL, de la Escuela Virgen de Guadalupe de Badajoz, con el proyecto &#8216;Hazte o\u00edr&#8217;; en Madrid los finalistas son el equipo &#8216;Calderones&#8217;, del IES Calder\u00f3n de la Barca, con el proyecto &#8216;Educa-mov&#8217;, y el equipo &#8216;Verde Unido&#8217;, del IES Salvador Dal\u00ed, con el proyecto &#8216;Rutas ecol\u00f3gicas: Puentes de Inclusi\u00f3n&#8217;; y en Murcia, los finalistas son: el equipo &#8216;AFESMO&#8217;, de la Asociaci\u00f3n Salud Mental Molina y Comarca, con el proyecto &#8216;Fanzine universo trastornao&#8217;, y el equipo &#8216;Lavanda&#8217;, del IES Ram\u00f3n y Cajal, con el proyecto &#8216;Una f\u00f3rmula magistral para educar en sostenibilidad&#8217;.<\/p>\n<p> Tambi\u00e9n han sido seleccionados como finalistas los equipos &#8216;CIBERNUMAN&#8217;, del Centro Joven Numancia de la Sagra, de Toledo, con el proyecto &#8216;Pictogramas y Formaci\u00f3n; el quipo &#8216;1 \u00ba IS&#8217;, del CIFP de \u00c1vila, con el proyecto &#8216;NEURO IUVENTUS: Una propuesta experimental sobre salud mental para j\u00f3venes&#8217;; &#8216;URDANETA&#8217;, del Colegio Padre Andr\u00e9s de Urdaneta de Vizcaya; &#8216;AULAEDES&#8217;, de EDES- Colegio de Educaci\u00f3n Especial de Asturias, con el proyecto &#8216;Aula en la naturaleza&#8217;; MUSICSANVI, del IES San Vicente de Alicante, con el proyecto &#8216;Tecnolog\u00eda musical para la inclusi\u00f3n de la diversidad&#8217;, y el equipo &#8216;TOTH MOMENTS, TOTH EDUCATIU&#8217;, del Centre de Formaci\u00f3 Toth Moments de Baleares.<\/p>\n<p> Todos estos equipos han tenido que trabajar competencias b\u00e1sicas como la digitalizaci\u00f3n, liderazgo, emprendimiento, conocimientos financieros, creatividad, toma de decisiones o el trabajo en equipo, entre otras.<\/p>\n<p> Tras una primera fase, un jurado formado por expertos en emprendimiento ha seleccionado un total de 25 equipos para lo que ha tenido en cuenta criterios como la creatividad e innovaci\u00f3n, el propio impacto social generado, la accesibilidad e inclusi\u00f3n y la oportunidad y viabilidad del proyecto.<\/p>\n<p> En la fase 2, que se desarrolla hasta el 20 de mayo, todos los equipos recibir\u00e1n asesor\u00eda en formato &#8216;mentoring&#8217; con profesionales que les ayudar\u00e1n a presentar su trabajo de participaci\u00f3n: un dossier m\u00e1s desarrollado de su proyecto de impacto social. As\u00ed, habr\u00e1n de detallar aspectos tales como presupuesto, necesidades, tareas y modo de ejecuci\u00f3n, entre otros; y tendr\u00e1n que rellenar una ficha describiendo las denominadas habilidades blandas de los integrantes del grupo.<\/p>\n<p>\nRECONOCIMIENTOS<\/p>\n<p> De los 25 equipos que desarrollen su proyecto, el jurado elegir\u00e1 a dos ganadores que recibir\u00e1n un premio de 5.000 euros para poner en marcha su iniciativa de impacto social. Adem\u00e1s, se obsequiar\u00e1 a los miembros de los dos equipos ganadores con una tarjeta regalo por valor de 100 euros y a los tutores con una tablet por su involucraci\u00f3n y apoyo al proyecto.<\/p>\n<p> En esta edici\u00f3n, se a\u00f1aden tambi\u00e9n como novedad Menciones Especiales para tres de los equipos finalistas, que recibir\u00e1n tarjetas regalo valoradas en 50 euros para sus integrantes y un bono para disfrutar de hoteles ILUNION para los tutores responsables, como han detallado sus impulsores.<\/p>\n<p> Los interesados en ampliar informaci\u00f3n pueden conocer todos los detalles en &#8216;www.portalentochallenge.es&#8217;.<\/p>\n","protected":false},"excerpt":{"rendered":"<p>MADRID, 22 (EUROPA PRESS) Un total de 25 equipos procedentes de doce comunidades aut\u00f3nomas han sido seleccionados como finalistas de la segunda edici\u00f3n de &#8216;X Talento Challenge&#8217;, un concurso inclusivo impulsado por Fundaci\u00f3n ONCE que trata de promover el esp\u00edritu emprendedor con impacto social entre la juventud espa\u00f1ola. El certamen est\u00e1 dirigido a j\u00f3venes de [&hellip;]<\/p>\n","protected":false},"author":1,"featured_media":0,"comment_status":"closed","ping_status":"closed","sticky":false,"template":"","format":"standard","meta":{"footnotes":""},"categories":[],"tags":[],"class_list":["post-51422","post","type-post","status-publish","format-standard","hentry"],"_links":{"self":[{"href":"https:\/\/webciudadana.net\/index.php?rest_route=\/wp\/v2\/posts\/51422","targetHints":{"allow":["GET"]}}],"collection":[{"href":"https:\/\/webciudadana.net\/index.php?rest_route=\/wp\/v2\/posts"}],"about":[{"href":"https:\/\/webciudadana.net\/index.php?rest_route=\/wp\/v2\/types\/post"}],"author":[{"embeddable":true,"href":"https:\/\/webciudadana.net\/index.php?rest_route=\/wp\/v2\/users\/1"}],"replies":[{"embeddable":true,"href":"https:\/\/webciudadana.net\/index.php?rest_route=%2Fwp%2Fv2%2Fcomments&post=51422"}],"version-history":[{"count":0,"href":"https:\/\/webciudadana.net\/index.php?rest_route=\/wp\/v2\/posts\/51422\/revisions"}],"wp:attachment":[{"href":"https:\/\/webciudadana.net\/index.php?rest_route=%2Fwp%2Fv2%2Fmedia&parent=51422"}],"wp:term":[{"taxonomy":"category","embeddable":true,"href":"https:\/\/webciudadana.net\/index.php?rest_route=%2Fwp%2Fv2%2Fcategories&post=51422"},{"taxonomy":"post_tag","embeddable":true,"href":"https:\/\/webciudadana.net\/index.php?rest_route=%2Fwp%2Fv2%2Ftags&post=51422"}],"curies":[{"name":"wp","href":"https:\/\/api.w.org\/{rel}","templated":true}]}}