{"id":51424,"date":"2024-03-22T13:19:50","date_gmt":"2024-03-22T12:19:50","guid":{"rendered":"https:\/\/ticker-noticiasep.microcontenidos.com\/NoticiaRSS.vbhtml?user=XRNR562DLR&amp;cod=20240322131950"},"modified":"2024-03-22T13:19:50","modified_gmt":"2024-03-22T12:19:50","slug":"fundacion-alain-afflelou-vuelve-a-participar-en-la-caravana-de-el-desierto-de-los-ninos","status":"publish","type":"post","link":"https:\/\/webciudadana.net\/?p=51424","title":{"rendered":"Fundaci\u00f3n Alain Afflelou vuelve a participar en la caravana de &#8216;El Desierto de los Ni\u00f1os&#8217;"},"content":{"rendered":"\n<div><img decoding=\"async\" src=\"\/wp-content\/uploads\/sites\/2\/2024\/03\/fundacion-alain-afflelou-vuelve-a-participar-en-la-caravana-de-el-desierto-de-los-ninos.jpg\" class=\"ff-og-image-inserted\"><\/div>\n<p> MADRID, 22 (EUROPA PRESS)<\/p>\n<p> La Fundaci\u00f3n Alain Afflelou vuelve a participar esta Semana Santa en la caravana de &#8216;El Desierto de los Ni\u00f1os&#8217;, una iniciativa solidaria liderada por la Asociaci\u00f3n Desierto de los Ni\u00f1os, patrocinada por Hyundai, que cumple 20 a\u00f1os desde que por primera vez puso rumbo a Marruecos.<\/p>\n<p> Del 22 al 30 de marzo, seis \u00f3pticos-optometristas de Alain Affleou revisar\u00e1n la vista de las familias que viven en poblaciones remotas del Sahara, sin acceso a este tipo de revisiones, y entregar\u00e1n gafas graduadas y de sol a quienes las necesiten.<\/p>\n<p> Adem\u00e1s, durante todo el recorrido de cerca de 2.000 kil\u00f3metros, se entregar\u00e1 material escolar a los ni\u00f1os y se inaugurar\u00e1 una de las dos bibliotecas que El Desierto de los Ni\u00f1os montar\u00e1 este a\u00f1o gracias al dinero recaudado por los Concesionarios Hyundai. En total, participar\u00e1n 134 personas en 38 coches.<\/p>\n<p> Los seis voluntarios de la Fundaci\u00f3n de Alain Afflelou que se embarcar\u00e1n en la aventura de El Desierto proceden de Sevilla, Madrid, Valladolid, Granada y Bilbao y realizar\u00e1n las revisiones en cuatro localidades distintas durante cuatro d\u00edas de todos los que la caravana har\u00e1 su recorrido por el desierto. En concreto, visitar\u00e1n Tisserdimine, Bega, Merzane y Erfoud.<\/p>\n<p> \u00abPara nuestros \u00f3pticos, el Desierto de los Ni\u00f1os supone una experiencia inolvidable y una labor que realizan con mucha ilusi\u00f3n, ante la oportunidad que les brindamos de ayudar a quienes m\u00e1s lo necesitan con lo mejor que saben hacer, evaluar la salud visual de las personas con el objetivo de mejorar su calidad de vida\u00bb, explica Susana Ortega, directora de la Fundaci\u00f3n Alain Afflelou.<\/p>\n<p> As\u00ed, los cristales de las gafas graduadas que entregar\u00e1 la Fundaci\u00f3n a los ni\u00f1os y adultos que las necesiten ser\u00e1n donados por Indo Optical que, por segundo a\u00f1o consecutivo, colabora en esta acci\u00f3n solidaria.<\/p>\n<p>\nCASOS DE MIOP\u00cdA AVANZADA<\/p>\n<p> En la pasada edici\u00f3n, los expertos revisaron la vista a cerca de 500 personas en Fezzou y otros pueblos cercanos como Merzouga y Erfoud, donde encontraron casos de miop\u00eda de hasta 29 dioptr\u00edas y astigmatismo de 8 dioptr\u00edas.<\/p>\n<p> \u00abMuchas de esas personas no han llevado nunca gafas y tienen muy poca visi\u00f3n. Por eso, desde la Fundaci\u00f3n llevamos todos estos a\u00f1os trabajando y cumpliendo nuestra misi\u00f3n de velar por el derecho de todos a ver bien\u00bb, sostiene Ortega.<\/p>\n<p> Adem\u00e1s, desde Fundaci\u00f3n Alain Afflelou recuerdan que muchas de las personas que se revisan en este recorrido son diab\u00e9ticas y, por ello, sufren las consecuencias derivadas de esta patolog\u00eda, como la retinopat\u00eda diab\u00e9tica, las cataratas, los edemas maculares o el glaucoma.<\/p>\n","protected":false},"excerpt":{"rendered":"<p>MADRID, 22 (EUROPA PRESS) La Fundaci\u00f3n Alain Afflelou vuelve a participar esta Semana Santa en la caravana de &#8216;El Desierto de los Ni\u00f1os&#8217;, una iniciativa solidaria liderada por la Asociaci\u00f3n Desierto de los Ni\u00f1os, patrocinada por Hyundai, que cumple 20 a\u00f1os desde que por primera vez puso rumbo a Marruecos. Del 22 al 30 de [&hellip;]<\/p>\n","protected":false},"author":1,"featured_media":0,"comment_status":"closed","ping_status":"closed","sticky":false,"template":"","format":"standard","meta":{"footnotes":""},"categories":[],"tags":[],"class_list":["post-51424","post","type-post","status-publish","format-standard","hentry"],"_links":{"self":[{"href":"https:\/\/webciudadana.net\/index.php?rest_route=\/wp\/v2\/posts\/51424","targetHints":{"allow":["GET"]}}],"collection":[{"href":"https:\/\/webciudadana.net\/index.php?rest_route=\/wp\/v2\/posts"}],"about":[{"href":"https:\/\/webciudadana.net\/index.php?rest_route=\/wp\/v2\/types\/post"}],"author":[{"embeddable":true,"href":"https:\/\/webciudadana.net\/index.php?rest_route=\/wp\/v2\/users\/1"}],"replies":[{"embeddable":true,"href":"https:\/\/webciudadana.net\/index.php?rest_route=%2Fwp%2Fv2%2Fcomments&post=51424"}],"version-history":[{"count":0,"href":"https:\/\/webciudadana.net\/index.php?rest_route=\/wp\/v2\/posts\/51424\/revisions"}],"wp:attachment":[{"href":"https:\/\/webciudadana.net\/index.php?rest_route=%2Fwp%2Fv2%2Fmedia&parent=51424"}],"wp:term":[{"taxonomy":"category","embeddable":true,"href":"https:\/\/webciudadana.net\/index.php?rest_route=%2Fwp%2Fv2%2Fcategories&post=51424"},{"taxonomy":"post_tag","embeddable":true,"href":"https:\/\/webciudadana.net\/index.php?rest_route=%2Fwp%2Fv2%2Ftags&post=51424"}],"curies":[{"name":"wp","href":"https:\/\/api.w.org\/{rel}","templated":true}]}}