{"id":51426,"date":"2024-03-22T14:14:53","date_gmt":"2024-03-22T13:14:53","guid":{"rendered":"https:\/\/ticker-noticiasep.microcontenidos.com\/NoticiaRSS.vbhtml?user=XRNR562DLR&amp;cod=20240322141453"},"modified":"2024-03-22T14:14:53","modified_gmt":"2024-03-22T13:14:53","slug":"mutua-madrilena-y-su-fundacion-impulsan-con-fundacion-integra-la-empleabilidad-de-21-mujeres-victimas-de-malos-tratos","status":"publish","type":"post","link":"https:\/\/webciudadana.net\/?p=51426","title":{"rendered":"Mutua Madrile\u00f1a y su Fundaci\u00f3n impulsan con Fundaci\u00f3n Integra la empleabilidad de 21 mujeres v\u00edctimas de malos tratos"},"content":{"rendered":"\n<div><img decoding=\"async\" src=\"\/wp-content\/uploads\/sites\/2\/2024\/03\/mutua-madrilena-y-su-fundacion-impulsan-con-fundacion-integra-la-empleabilidad-de-21-mujeres-victimas-de-malos-tratos.jpg\" class=\"ff-og-image-inserted\"><\/div>\n<p> MADRID, 22 (EUROPA PRESS)<\/p>\n<p> Mutua Madrile\u00f1a y su Fundaci\u00f3n, junto con la Fundaci\u00f3n Integra, han impulsado la empleabilidad de 21 mujeres v\u00edctimas de malos tratos y les han ayudado a que comiencen \u00abuna nueva vida\u00bb gracias de la VII edici\u00f3n de su proyecto conjunto, &#8216;Juntas&#8217;.<\/p>\n<p> Como han destacado en un comunicado, para estas mujeres, acceder a un empleo digno supone \u00abdejar atr\u00e1s un pasado marcado por el maltrato\u00bb y \u00abrehacer su vida con independencia econ\u00f3mica, al lado de sus hijos\u00bb.<\/p>\n<p> A principios de este mes &#8211;en el marco del D\u00eda Internacional de la Mujer, celebrado cada 8 de marzo&#8211; tuvo lugar la &#8216;Escuela Juntas&#8217; y 41 profesionales voluntarias del Grupo Mutua compartieron su tiempo y experiencia con estas mujeres, a trav\u00e9s de formaci\u00f3n socio-laboral impartida en los talleres de la Escuela de Fundaci\u00f3n Integra.<\/p>\n<p> Se trata de una iniciativa &#8211;creada por las fundaciones Mutua Madrile\u00f1a e Integra en 2017&#8211; con la que las voluntarias de la compa\u00f1\u00eda, adem\u00e1s de ense\u00f1ar a las mujeres v\u00edctimas de malos tratos las habilidades y competencias necesarias para superar una entrevista de trabajo, les ayudan a recuperar la confianza en s\u00ed mismas. Desde la puesta en marcha de &#8216;Juntas&#8217;, m\u00e1s de 180 profesionales de la compa\u00f1\u00eda han participado en el proyecto como voluntarias.<\/p>\n<p> La primera de las escuelas de esta VII edici\u00f3n de &#8216;Juntas&#8217; tuvo lugar el 25 de noviembre, D\u00eda Internacional de la Eliminaci\u00f3n de la Violencia contra la Mujer y, seg\u00fan sus impulsores, de las nueve participantes, dos ya han encontrado un empleo.<\/p>\n<p> Como ha detallado Sara, una de las participantes en la VII edici\u00f3n de este proyecto, esta formaci\u00f3n ha supuesto un \u00abpunto de inflexi\u00f3n\u00bb y le ha ayudado a darse cuenta de que \u00abpuede ser quien quiera ser\u00bb. \u00abAhora me siento m\u00e1s fuerte y capaz de seguir adelante con m\u00e1s fuerza, por m\u00ed y por mis hijos\u00bb, ha afirmado.<\/p>\n<p> As\u00ed, ha destacado que tener delante a mujeres \u00abfuertes y seguras de s\u00ed mismas\u00bb le ha ayudado a ver el mundo \u00abcon otra perspectiva\u00bb. \u00abEn ellas he visto lo que me gustar\u00eda llegar a ser: una mujer libre, independiente y con ilusi\u00f3n por delante\u00bb, ha apostillado.<\/p>\n","protected":false},"excerpt":{"rendered":"<p>MADRID, 22 (EUROPA PRESS) Mutua Madrile\u00f1a y su Fundaci\u00f3n, junto con la Fundaci\u00f3n Integra, han impulsado la empleabilidad de 21 mujeres v\u00edctimas de malos tratos y les han ayudado a que comiencen \u00abuna nueva vida\u00bb gracias de la VII edici\u00f3n de su proyecto conjunto, &#8216;Juntas&#8217;. Como han destacado en un comunicado, para estas mujeres, acceder [&hellip;]<\/p>\n","protected":false},"author":1,"featured_media":0,"comment_status":"closed","ping_status":"closed","sticky":false,"template":"","format":"standard","meta":{"footnotes":""},"categories":[],"tags":[],"class_list":["post-51426","post","type-post","status-publish","format-standard","hentry"],"_links":{"self":[{"href":"https:\/\/webciudadana.net\/index.php?rest_route=\/wp\/v2\/posts\/51426","targetHints":{"allow":["GET"]}}],"collection":[{"href":"https:\/\/webciudadana.net\/index.php?rest_route=\/wp\/v2\/posts"}],"about":[{"href":"https:\/\/webciudadana.net\/index.php?rest_route=\/wp\/v2\/types\/post"}],"author":[{"embeddable":true,"href":"https:\/\/webciudadana.net\/index.php?rest_route=\/wp\/v2\/users\/1"}],"replies":[{"embeddable":true,"href":"https:\/\/webciudadana.net\/index.php?rest_route=%2Fwp%2Fv2%2Fcomments&post=51426"}],"version-history":[{"count":0,"href":"https:\/\/webciudadana.net\/index.php?rest_route=\/wp\/v2\/posts\/51426\/revisions"}],"wp:attachment":[{"href":"https:\/\/webciudadana.net\/index.php?rest_route=%2Fwp%2Fv2%2Fmedia&parent=51426"}],"wp:term":[{"taxonomy":"category","embeddable":true,"href":"https:\/\/webciudadana.net\/index.php?rest_route=%2Fwp%2Fv2%2Fcategories&post=51426"},{"taxonomy":"post_tag","embeddable":true,"href":"https:\/\/webciudadana.net\/index.php?rest_route=%2Fwp%2Fv2%2Ftags&post=51426"}],"curies":[{"name":"wp","href":"https:\/\/api.w.org\/{rel}","templated":true}]}}