{"id":51427,"date":"2024-03-22T15:10:51","date_gmt":"2024-03-22T14:10:51","guid":{"rendered":"https:\/\/ticker-noticiasep.microcontenidos.com\/NoticiaRSS.vbhtml?user=XRNR562DLR&amp;cod=20240322151051"},"modified":"2024-03-22T15:10:51","modified_gmt":"2024-03-22T14:10:51","slug":"onda-cero-pone-en-marcha-luz-verde-una-iniciativa-en-favor-de-la-sostenibilidad-y-contra-el-cambio-climatico","status":"publish","type":"post","link":"https:\/\/webciudadana.net\/?p=51427","title":{"rendered":"Onda Cero pone en marcha &#8216;Luz Verde&#8217;, una iniciativa en favor de la sostenibilidad y contra el cambio clim\u00e1tico"},"content":{"rendered":"\n<div><img decoding=\"async\" src=\"\/wp-content\/uploads\/sites\/2\/2024\/03\/onda-cero-pone-en-marcha-luz-verde-una-iniciativa-en-favor-de-la-sostenibilidad-y-contra-el-cambio-climatico.jpg\" class=\"ff-og-image-inserted\"><\/div>\n<p> MADRID, 22 (EUROPA PRESS)<\/p>\n<p> Onda Cero pone en marcha &#8216;Luz Verde&#8217;, una iniciativa de Responsabilidad Social Corporativa en favor de la sostenibilidad y contra el cambio clim\u00e1tico, seg\u00fan ha dado a conocer este viernes la cadena de radio generalista del Grupo Atresmedia.<\/p>\n<p> Con el lema &#8216;Onda Cero escucha al Clima&#8217;, &#8216;Luz Verde&#8217; cuenta con el compromiso de los comunicadores de cadena: Carlos Alsina, Julia Otero, Rafa Latorre, Jaime Cantizano, Edu Garc\u00eda, Roc\u00edo Mart\u00ednez, Edu Pidal, Carlos Rodr\u00edguez, Carles Lamelo, Elena Gij\u00f3n, Gemma Ruiz, Rub\u00e9n Am\u00f3n, Pablo Rodr\u00edguez, Soledad de Juan, Juan Diego Guerrero, Bruno Carde\u00f1osa, Lorenzo Fern\u00e1ndez, Laura Falc\u00f3 y Paco de Le\u00f3n.<\/p>\n<p> \u00abDesde sus respectivos programas, incorporar\u00e1n un enfoque respetuoso con el medioambiente, poniendo el foco en aquellas acciones que redunden en mejorar la salud de Planeta y de todos los seres vivos que lo habitamos\u00bb, ha explicado Onda Cero, para despu\u00e9s a\u00f1adir que &#8216;Luz Verde&#8217; pretende tambi\u00e9n \u00abdenunciar aquellas situaciones que provoquen el deterioro del medioambiente en lugares concretos, animando a la sociedad civil y a las autoridades a poner coto a \u00e9stas\u00bb.<\/p>\n<p> En este escenario, &#8216;Luz Verde&#8217; contar\u00e1 con el periodista Roberto Brasero, como embajador. La puesta en marcha de &#8216;Luz Verde&#8217; coincide, este s\u00e1bado, con la celebraci\u00f3n de la Hora del Planeta, una iniciativa de World Wild Found (WWF) que propone a los ciudadanos de todo el mundo apagar todas las luces entre las 20.30 y las 21.30 horas.<\/p>\n<p> WWF ser\u00e1 la entidad asesora de Onda Cero en la iniciativa &#8216;Luz Verde&#8217;, impulsando y auditando las acciones que dentro de ella se lleven a cabo. &#8216;M\u00e1s de uno&#8217;, &#8216;Julia en la onda&#8217;, &#8216;La br\u00fajula&#8217;, &#8216;Por fin no es lunes&#8217;, &#8216;Radioestadio&#8217;, &#8216;Radioestadio Noche&#8217; y el resto de programas de Onda Cero \u00abser\u00e1n sensibles tanto a las informaciones vinculadas al deterioro del medioambiente como a las iniciativas que act\u00faan en su favor, proponiendo a la sociedad y a las administraciones el impulso de acciones concretas -individuales y colectivas- que redunden en una mayor sostenibilidad del Planeta\u00bb, ha detallado.<\/p>\n","protected":false},"excerpt":{"rendered":"<p>MADRID, 22 (EUROPA PRESS) Onda Cero pone en marcha &#8216;Luz Verde&#8217;, una iniciativa de Responsabilidad Social Corporativa en favor de la sostenibilidad y contra el cambio clim\u00e1tico, seg\u00fan ha dado a conocer este viernes la cadena de radio generalista del Grupo Atresmedia. Con el lema &#8216;Onda Cero escucha al Clima&#8217;, &#8216;Luz Verde&#8217; cuenta con el [&hellip;]<\/p>\n","protected":false},"author":1,"featured_media":0,"comment_status":"closed","ping_status":"closed","sticky":false,"template":"","format":"standard","meta":{"footnotes":""},"categories":[],"tags":[],"class_list":["post-51427","post","type-post","status-publish","format-standard","hentry"],"_links":{"self":[{"href":"https:\/\/webciudadana.net\/index.php?rest_route=\/wp\/v2\/posts\/51427","targetHints":{"allow":["GET"]}}],"collection":[{"href":"https:\/\/webciudadana.net\/index.php?rest_route=\/wp\/v2\/posts"}],"about":[{"href":"https:\/\/webciudadana.net\/index.php?rest_route=\/wp\/v2\/types\/post"}],"author":[{"embeddable":true,"href":"https:\/\/webciudadana.net\/index.php?rest_route=\/wp\/v2\/users\/1"}],"replies":[{"embeddable":true,"href":"https:\/\/webciudadana.net\/index.php?rest_route=%2Fwp%2Fv2%2Fcomments&post=51427"}],"version-history":[{"count":0,"href":"https:\/\/webciudadana.net\/index.php?rest_route=\/wp\/v2\/posts\/51427\/revisions"}],"wp:attachment":[{"href":"https:\/\/webciudadana.net\/index.php?rest_route=%2Fwp%2Fv2%2Fmedia&parent=51427"}],"wp:term":[{"taxonomy":"category","embeddable":true,"href":"https:\/\/webciudadana.net\/index.php?rest_route=%2Fwp%2Fv2%2Fcategories&post=51427"},{"taxonomy":"post_tag","embeddable":true,"href":"https:\/\/webciudadana.net\/index.php?rest_route=%2Fwp%2Fv2%2Ftags&post=51427"}],"curies":[{"name":"wp","href":"https:\/\/api.w.org\/{rel}","templated":true}]}}