{"id":51434,"date":"2024-03-22T16:26:52","date_gmt":"2024-03-22T15:26:52","guid":{"rendered":"https:\/\/ticker-noticiasep.microcontenidos.com\/NoticiaRSS.vbhtml?user=XRNR562DLR&amp;cod=20240322162652"},"modified":"2024-03-22T16:26:52","modified_gmt":"2024-03-22T15:26:52","slug":"loreal-productos-profesionales-impulsa-la-conservacion-del-agua-en-3-000-salones-de-peluqueria-de-23-paises","status":"publish","type":"post","link":"https:\/\/webciudadana.net\/?p=51434","title":{"rendered":"L&#8217;Or\u00e9al Productos Profesionales impulsa la conservaci\u00f3n del agua en 3.000 salones de peluquer\u00eda de 23 pa\u00edses"},"content":{"rendered":"\n<div><img decoding=\"async\" src=\"\/wp-content\/uploads\/sites\/2\/2024\/03\/loreal-productos-profesionales-impulsa-la-conservacion-del-agua-en-3-000-salones-de-peluqueria-de-23-paises.jpg\" class=\"ff-og-image-inserted\"><\/div>\n<p>La iniciativa &#8216;Hairstylists for the Future&#8217; pretende transformar cada sal\u00f3n en un \u00abactor del desarrollo sostenible\u00bb<\/p>\n<p> MADRID, 22 (EUROPA PRESS)<\/p>\n<p> L&#8217;Or\u00e9al Productos Profesionales ha reafirmado su compromiso con la sostenibilidad mediante la iniciativa &#8216;Hairstylists for the Future&#8217;, ya en marcha, que impulsa la conservaci\u00f3n del agua, el reciclaje y el uso de energ\u00edas limpias en 3.000 salones de peluquer\u00eda de 23 pa\u00edses.<\/p>\n<p> En el marco del D\u00eda Mundial Del Agua &#8211;que se celebra este viernes, 22 de marzo&#8211; la compa\u00f1\u00eda ha destacado la importancia de la conservaci\u00f3n del agua en la industria de la peluquer\u00eda profesional que, como ha indicado, se alinea con la \u00aburgente necesidad de adoptar pr\u00e1cticas m\u00e1s sostenibles y conscientes del agua a nivel global\u00bb.<\/p>\n<p> En ese sentido, &#8216;Hairstylists for the Future&#8217; est\u00e1 basado en tres pilares &#8211;la reducci\u00f3n en el uso de agua, el reciclaje de residuos y las alternativas limpias en el consumo de energ\u00eda&#8211; y cuenta actualmente con 3.000 salones adscritos en 23 pa\u00edses.<\/p>\n<p> Para el lanzamiento en Espa\u00f1a, seg\u00fan ha explicado L&#8217;Or\u00e9al Productos Profesionales, se llevaron a cabo colaboraciones con socios locales y alianzas internacionales gracias a las cuales, \u00abse pretende convertir a cada sal\u00f3n, en actor del desarrollo sostenible\u00bb.<\/p>\n<p>\nUN AHORRO DE AGUA DE HASTA EL 69% CON LA TECNOLOG\u00cdA &#8216;WATER SAVER&#8217;<\/p>\n<p> En concreto, la compa\u00f1\u00eda ha puesto un \u00abfuerte \u00e9nfasis\u00bb en el pilar de la reducci\u00f3n del uso de agua y, por ello, ha introducido &#8216;Water Saver&#8217;, una tecnolog\u00eda desarrollada en colaboraci\u00f3n con la star-up suiza Gjosa. Se trata de una innovaci\u00f3n que, como ha destacado, permite a los salones de peluquer\u00eda ahorrar hasta el 69% del agua utilizada en cada lavado, lo que reduce el consumo est\u00e1ndar \u00abde ocho litros a tan solo dos litros y medio por minuto\u00bb.<\/p>\n<p> Adem\u00e1s, la tecnolog\u00eda de L&#8217;Or\u00e9al Productos Profesionales de fragmentaci\u00f3n de agua genera una experiencia de lavado \u00abm\u00e1s eficiente y placentera, con gotas diez veces m\u00e1s peque\u00f1as\u00bb para \u00abuna mejor absorci\u00f3n\u00bb y \u00abun aclarado m\u00e1s r\u00e1pido\u00bb.<\/p>\n<p> Por otro lado, la compa\u00f1\u00eda ha establecido una colaboraci\u00f3n local con Presto Ib\u00e9rica, tambi\u00e9n especializada en tecnolog\u00eda para el ahorro de agua, que ha dado lugar al desarrollo del &#8216;Presto Go System&#8217;, un sensor que permite ajustar la temperatura del agua de manera precisa y que evita, como ha destacado L&#8217;Or\u00e9al, el desperdicio de entre 6 y 25 litros de agua mientras se espera que el agua caliente alcance el grifo.<\/p>\n<p> Como ha se\u00f1alado el director general de L&#8217;Or\u00e9al Productos Profesionales, Gon\u00e7alo Nascimento, con el lanzamiento de este programa quieren hacer de la industria de la peluquer\u00eda profesional, una industria \u00abm\u00e1s sostenible y respetuosa con el planeta\u00bb.<\/p>\n<p> El objetivo de la iniciativa es que los salones de peluquer\u00eda se unan a este programa y al compromiso de hacer de estos un espacio m\u00e1s sostenible. Para ello, \u00abse les informar\u00e1 y actualizar\u00e1 sobre las opciones y beneficios de implementar nuevas tecnolog\u00edas de ahorro en agua y energ\u00eda o participar en programas responsables con el entorno\u00bb, como ha concluido la empresa.<\/p>\n","protected":false},"excerpt":{"rendered":"<p>La iniciativa &#8216;Hairstylists for the Future&#8217; pretende transformar cada sal\u00f3n en un \u00abactor del desarrollo sostenible\u00bb MADRID, 22 (EUROPA PRESS) L&#8217;Or\u00e9al Productos Profesionales ha reafirmado su compromiso con la sostenibilidad mediante la iniciativa &#8216;Hairstylists for the Future&#8217;, ya en marcha, que impulsa la conservaci\u00f3n del agua, el reciclaje y el uso de energ\u00edas limpias en [&hellip;]<\/p>\n","protected":false},"author":1,"featured_media":0,"comment_status":"closed","ping_status":"closed","sticky":false,"template":"","format":"standard","meta":{"footnotes":""},"categories":[],"tags":[],"class_list":["post-51434","post","type-post","status-publish","format-standard","hentry"],"_links":{"self":[{"href":"https:\/\/webciudadana.net\/index.php?rest_route=\/wp\/v2\/posts\/51434","targetHints":{"allow":["GET"]}}],"collection":[{"href":"https:\/\/webciudadana.net\/index.php?rest_route=\/wp\/v2\/posts"}],"about":[{"href":"https:\/\/webciudadana.net\/index.php?rest_route=\/wp\/v2\/types\/post"}],"author":[{"embeddable":true,"href":"https:\/\/webciudadana.net\/index.php?rest_route=\/wp\/v2\/users\/1"}],"replies":[{"embeddable":true,"href":"https:\/\/webciudadana.net\/index.php?rest_route=%2Fwp%2Fv2%2Fcomments&post=51434"}],"version-history":[{"count":0,"href":"https:\/\/webciudadana.net\/index.php?rest_route=\/wp\/v2\/posts\/51434\/revisions"}],"wp:attachment":[{"href":"https:\/\/webciudadana.net\/index.php?rest_route=%2Fwp%2Fv2%2Fmedia&parent=51434"}],"wp:term":[{"taxonomy":"category","embeddable":true,"href":"https:\/\/webciudadana.net\/index.php?rest_route=%2Fwp%2Fv2%2Fcategories&post=51434"},{"taxonomy":"post_tag","embeddable":true,"href":"https:\/\/webciudadana.net\/index.php?rest_route=%2Fwp%2Fv2%2Ftags&post=51434"}],"curies":[{"name":"wp","href":"https:\/\/api.w.org\/{rel}","templated":true}]}}