{"id":51435,"date":"2024-03-22T16:21:15","date_gmt":"2024-03-22T15:21:15","guid":{"rendered":"https:\/\/ticker-noticiasep.microcontenidos.com\/NoticiaRSS.vbhtml?user=XRNR562DLR&amp;cod=20240322162115"},"modified":"2024-03-22T16:21:15","modified_gmt":"2024-03-22T15:21:15","slug":"escuela-ces-celebra-una-nueva-edicion-de-dias-de-radio","status":"publish","type":"post","link":"https:\/\/webciudadana.net\/?p=51435","title":{"rendered":"Escuela CES celebra una nueva edici\u00f3n de D\u00edas de Radio"},"content":{"rendered":"\n<div><img decoding=\"async\" src=\"\/wp-content\/uploads\/sites\/2\/2024\/03\/escuela-ces-celebra-una-nueva-edicion-de-dias-de-radio.jpg\" class=\"ff-og-image-inserted\"><\/div>\n<p>(Informaci\u00f3n remitida por la empresa firmante)<\/p>\n<p>\nMadrid, 22 de marzo<\/p>\n<p>\nAlumnos de la Escuela Superior de Imagen, Sonido y Tecnolog\u00eda CES han entrevistado a profesionales del mundo audiovisual y de la m\u00fasica como Aitor Albizua, Angy Fern\u00e1ndez, Tania Llasera y Marc Calder\u00f3<\/p>\n<p>\nLa Escuela Superior de Imagen, Sonido y Tecnolog\u00eda CES ha celebrado una nueva edici\u00f3n de D\u00edas de Radio, un evento en el que durante dos d\u00edas, alumnos del centro han entrevistado a profesionales del mundo audiovisual y de la m\u00fasica. Este a\u00f1o los invitados han sido los presentadores Aitor Albizua, Tania Llasera, Jordi Cruz, Marc Calder\u00f3 y Ver\u00f3nica Sanz; la actriz Paloma Bloyd, la cantante Angy Fern\u00e1ndez y los integrantes del grupo Mantra.<\/p>\n<p> D\u00edas de Radio es un formato en directo y con p\u00fablico que permite a los alumnos del M\u00e1ster en Periodismo Transmedia: Radio, Televisi\u00f3n y Online poner en pr\u00e1ctica sus conocimientos period\u00edsticos y t\u00e9cnicos y encargarse de todas las tareas necesarias para poner en marcha una emisi\u00f3n que se ha podido seguir a trav\u00e9s del canal de Youtube de la Escuela.<\/p>\n<p> Se trata de un proyecto con el que, adem\u00e1s, los estudiantes pueden conocer la trayectoria de reputados profesionales del sector y entender mejor c\u00f3mo han ido progresando en sus carreras y las claves para alcanzar el \u00e9xito.<\/p>\n<p> El presentador de concursos como El Comod\u00edn de la 1 y Cifras y Letras en TVE, Aitor Albizua, ha comentado que \u00abcuando est\u00e1s en un programa en directo en televisi\u00f3n te enfrentas a un verdadero reto, pero eso ense\u00f1a a ser resolutivo. A un problema, una soluci\u00f3n, porque tienes que pensar que hay 5 c\u00e1maras delante y miles de personas vi\u00e9ndote y el programa debe salir adelante\u00bb. En ese sentido ha recomendado a los alumnos, para conectar con el p\u00fablico, \u00abser natural, es decir, divertirte, porque eso se transmite. Tienes que mostrarte tal y como eres, que vean una persona real en la tele\u00bb.<\/p>\n<p> Por su parte, la cantante Angy Fern\u00e1ndez ha hablado sobre la importancia de cuidar la salud mental dada la presi\u00f3n que existe. \u00abCuando tienes*\u00e9xito muy joven algunas veces no sabes encajarlo y son cuestiones que salen a la luz m\u00e1s adelante\u00bb, ha explicado. \u00abLo hemos visto con personas tan famosas como Miley Cyrus o Lady Gaga. En mi caso, visibilizarlo a trav\u00e9s de las redes sociales creo que ha permitido que haya gente consciente de la situaci\u00f3n que atraviesa. Me han dado las gracias porque afirman que se sienten identificadas con mi reflexi\u00f3n y eso es muy gratificante\u00bb.<\/p>\n<p> D\u00edas de Radio acumula ya m\u00e1s de doce ediciones y se ha consolidado como uno de los eventos m\u00e1s significativos tanto para alumnos y profesores de la Escuela, el mayor centro de formaci\u00f3n audiovisual de Madrid, como para los profesionales del sector.<\/p>\n<p> Contacto<\/p>\n<p>\nNombre contacto: Camila Comunicaci\u00f3n<\/p>\n<p>\nDescripci\u00f3n contacto: Camila Comunicaci\u00f3n<\/p>\n<p>\nTel\u00e9fono de contacto: 916683810<\/p>\n","protected":false},"excerpt":{"rendered":"<p>(Informaci\u00f3n remitida por la empresa firmante) Madrid, 22 de marzo Alumnos de la Escuela Superior de Imagen, Sonido y Tecnolog\u00eda CES han entrevistado a profesionales del mundo audiovisual y de la m\u00fasica como Aitor Albizua, Angy Fern\u00e1ndez, Tania Llasera y Marc Calder\u00f3 La Escuela Superior de Imagen, Sonido y Tecnolog\u00eda CES ha celebrado una nueva [&hellip;]<\/p>\n","protected":false},"author":1,"featured_media":0,"comment_status":"closed","ping_status":"closed","sticky":false,"template":"","format":"standard","meta":{"footnotes":""},"categories":[],"tags":[],"class_list":["post-51435","post","type-post","status-publish","format-standard","hentry"],"_links":{"self":[{"href":"https:\/\/webciudadana.net\/index.php?rest_route=\/wp\/v2\/posts\/51435","targetHints":{"allow":["GET"]}}],"collection":[{"href":"https:\/\/webciudadana.net\/index.php?rest_route=\/wp\/v2\/posts"}],"about":[{"href":"https:\/\/webciudadana.net\/index.php?rest_route=\/wp\/v2\/types\/post"}],"author":[{"embeddable":true,"href":"https:\/\/webciudadana.net\/index.php?rest_route=\/wp\/v2\/users\/1"}],"replies":[{"embeddable":true,"href":"https:\/\/webciudadana.net\/index.php?rest_route=%2Fwp%2Fv2%2Fcomments&post=51435"}],"version-history":[{"count":0,"href":"https:\/\/webciudadana.net\/index.php?rest_route=\/wp\/v2\/posts\/51435\/revisions"}],"wp:attachment":[{"href":"https:\/\/webciudadana.net\/index.php?rest_route=%2Fwp%2Fv2%2Fmedia&parent=51435"}],"wp:term":[{"taxonomy":"category","embeddable":true,"href":"https:\/\/webciudadana.net\/index.php?rest_route=%2Fwp%2Fv2%2Fcategories&post=51435"},{"taxonomy":"post_tag","embeddable":true,"href":"https:\/\/webciudadana.net\/index.php?rest_route=%2Fwp%2Fv2%2Ftags&post=51435"}],"curies":[{"name":"wp","href":"https:\/\/api.w.org\/{rel}","templated":true}]}}