{"id":51442,"date":"2024-03-22T19:04:53","date_gmt":"2024-03-22T18:04:53","guid":{"rendered":"https:\/\/ticker-noticiasep.microcontenidos.com\/NoticiaRSS.vbhtml?user=XRNR562DLR&amp;cod=20240322190453"},"modified":"2024-03-22T19:04:53","modified_gmt":"2024-03-22T18:04:53","slug":"indra-premia-proyectos-que-apoyan-el-acceso-al-empleo-de-personas-con-discapacidad-con-ventures4inclusion","status":"publish","type":"post","link":"https:\/\/webciudadana.net\/?p=51442","title":{"rendered":"Indra premia proyectos que apoyan el acceso al empleo de personas con discapacidad con Ventures4Inclusion"},"content":{"rendered":"\n<div><img decoding=\"async\" src=\"\/wp-content\/uploads\/sites\/2\/2024\/03\/indra-premia-proyectos-que-apoyan-el-acceso-al-empleo-de-personas-con-discapacidad-con-ventures4inclusion.jpg\" class=\"ff-og-image-inserted\"><\/div>\n<p> MADRID, 22 (EUROPA PRESS)<\/p>\n<p> Indra impulsa proyectos innovadores que aporten el acceso al empleo de personas con discapacidad con la III edici\u00f3n de su lanzadera de emprendimiento social, &#8216;Ventures4Inclusion&#8217;.<\/p>\n<p> La compa\u00f1\u00eda lanz\u00f3 esta iniciativa en 2021, junto a la Fundaci\u00f3n para el Fomento del Desarrollo y la Integraci\u00f3n (FDI) y Volies, para apoyar ideas de negocio basadas en tecnolog\u00eda que faciliten el acceso al empleo de las personas con discapacidad.<\/p>\n<p> En esta tercera edici\u00f3n de &#8216;Ventures4Inclusion&#8217;, Indra ha premiado tres iniciativas dentro de las dos categor\u00edas. As\u00ed, en la de &#8216;Entidades&#8217;, Fundaci\u00f3n CEE PRODIS ha sido reconocida por &#8216;Green Impact. Midiendo Huellas, Cambiando Vidas&#8217;. Se trata de un proyecto basado en el desarrollo de una aplicaci\u00f3n m\u00f3vil o web app que, \u00abmediante la realizaci\u00f3n de breves encuestas en las instalaciones del cliente o en el lugar donde est\u00e9n asistiendo a una conferencia, evento o feria\u00bb, permite recabar datos con los que medir la huella de carbono que generan los empleados de la empresa.<\/p>\n<p> Tambi\u00e9n ha recibido el galard\u00f3n la Fundaci\u00f3n PIOS Project con su proyecto &#8216;Piando costuras con ilusi\u00f3n, que pretende ense\u00f1ar y formar en el oficio de la costura. Su finalidad es fomentar la creaci\u00f3n de prendas de ropa &#8211;\u00abcomenzando con camisetas\u00bb&#8211;, con el logo del cliente &#8211;\u00abgrandes empresas, inicialmente\u00bb&#8211;, para que puedan repartirlas entre sus empleados.<\/p>\n<p> Por otro lado, en la categor\u00eda &#8216;Emprendedores&#8217;, la compa\u00f1\u00eda ha reconocido la labor de Jes\u00fas Arroyo Hern\u00e1ndez con su proyecto &#8216;Leg Go&#8217;, un exoesqueleto bi\u00f3nico dise\u00f1ado para brindar apoyo a personas que han experimentado una pelvitom\u00eda y la p\u00e9rdida de un f\u00e9mur debido a un c\u00e1ncer \u00f3seo.<\/p>\n<p> Se trata de un dispositivo m\u00e9dico avanzado que se centra en mejorar la calidad de vida y la movilidad de los pacientes. Este exoesqueleto \u00abestar\u00eda dise\u00f1ado para ser altamente adaptable y personalizable, teniendo en cuenta las necesidades espec\u00edficas de cada usuario\u00bb, seg\u00fan detalla el jurado de expertos, que eligi\u00f3 las propuestas ganadoras por categor\u00eda, que han recibido un premio econ\u00f3mico de 5.000 euros en el caso de las personas f\u00edsicas y de 8.000 euros en el caso de las entidades sociales, para desarrollar sus proyectos.<\/p>\n<p> Los proyectos presentados contaron con el apoyo de voluntarios de Indra, que trabajaron durante tres semanas con los concursantes en el dise\u00f1o del plan de negocio, marketing y viabilidad. El proceso finaliz\u00f3 con una marat\u00f3n de emprendimiento, donde, seg\u00fan ha indicado Indra, compartieron una jornada de voluntariado y presentaron el trabajo realizado.<\/p>\n<p> Asimismo, durante el encuentro de cierre entre voluntarios y ganadores, participaron dos representantes de los proyectos ganadores de la edici\u00f3n 2023: la directora general de AMIMET, Margarita S\u00e1nchez Ruiz, y la fundadora y CEO de MonSegur, Montserrat Reyes, quienes compartieron con los responsables de los proyectos seleccionados en 2024 su experiencia y logros tras haber participado en \u00abla lanzadera\u00bb.<\/p>\n<p> En palabras de la responsable del \u00e1rea de Acci\u00f3n Social de Indra, Marga Fern\u00e1ndez de Heredia, el trabajo de la compa\u00f1\u00eda se basa en \u00abtres premisas fundamentales\u00bb: \u00abel poder de la tecnolog\u00eda para mejorar la vida de la gente, la implicaci\u00f3n de las personas con discapacidad en sus proyectos para acceder a un mundo con menos barreras y la fuerza del voluntariado que, en convocatorias como la de Ventures4Inclusion, demuestran hasta d\u00f3nde se puede llegar con innovaci\u00f3n, talento y buenos prop\u00f3sitos\u00bb.<\/p>\n","protected":false},"excerpt":{"rendered":"<p>MADRID, 22 (EUROPA PRESS) Indra impulsa proyectos innovadores que aporten el acceso al empleo de personas con discapacidad con la III edici\u00f3n de su lanzadera de emprendimiento social, &#8216;Ventures4Inclusion&#8217;. La compa\u00f1\u00eda lanz\u00f3 esta iniciativa en 2021, junto a la Fundaci\u00f3n para el Fomento del Desarrollo y la Integraci\u00f3n (FDI) y Volies, para apoyar ideas de [&hellip;]<\/p>\n","protected":false},"author":1,"featured_media":0,"comment_status":"closed","ping_status":"closed","sticky":false,"template":"","format":"standard","meta":{"footnotes":""},"categories":[],"tags":[],"class_list":["post-51442","post","type-post","status-publish","format-standard","hentry"],"_links":{"self":[{"href":"https:\/\/webciudadana.net\/index.php?rest_route=\/wp\/v2\/posts\/51442","targetHints":{"allow":["GET"]}}],"collection":[{"href":"https:\/\/webciudadana.net\/index.php?rest_route=\/wp\/v2\/posts"}],"about":[{"href":"https:\/\/webciudadana.net\/index.php?rest_route=\/wp\/v2\/types\/post"}],"author":[{"embeddable":true,"href":"https:\/\/webciudadana.net\/index.php?rest_route=\/wp\/v2\/users\/1"}],"replies":[{"embeddable":true,"href":"https:\/\/webciudadana.net\/index.php?rest_route=%2Fwp%2Fv2%2Fcomments&post=51442"}],"version-history":[{"count":0,"href":"https:\/\/webciudadana.net\/index.php?rest_route=\/wp\/v2\/posts\/51442\/revisions"}],"wp:attachment":[{"href":"https:\/\/webciudadana.net\/index.php?rest_route=%2Fwp%2Fv2%2Fmedia&parent=51442"}],"wp:term":[{"taxonomy":"category","embeddable":true,"href":"https:\/\/webciudadana.net\/index.php?rest_route=%2Fwp%2Fv2%2Fcategories&post=51442"},{"taxonomy":"post_tag","embeddable":true,"href":"https:\/\/webciudadana.net\/index.php?rest_route=%2Fwp%2Fv2%2Ftags&post=51442"}],"curies":[{"name":"wp","href":"https:\/\/api.w.org\/{rel}","templated":true}]}}