{"id":51444,"date":"2024-03-24T19:18:23","date_gmt":"2024-03-24T18:18:23","guid":{"rendered":"https:\/\/ticker-noticiasep.microcontenidos.com\/NoticiaRSS.vbhtml?user=XRNR562DLR&amp;cod=20240324191823"},"modified":"2024-03-24T19:18:23","modified_gmt":"2024-03-24T18:18:23","slug":"el-circuito-de-intu-xanadu-vive-un-fin-de-semana-historico-con-el-doblete-espanol-en-el-gp-de-espana","status":"publish","type":"post","link":"https:\/\/webciudadana.net\/?p=51444","title":{"rendered":"El circuito de intu Xanad\u00fa vive un fin de semana hist\u00f3rico con el doblete espa\u00f1ol en el GP de Espa\u00f1a"},"content":{"rendered":"\n<div><img decoding=\"async\" src=\"\/wp-content\/uploads\/sites\/2\/2024\/03\/el-circuito-de-intu-xanadu-vive-un-fin-de-semana-historico-con-el-doblete-espanol-en-el-gp-de-espana.jpg\" class=\"ff-og-image-inserted\"><\/div>\n<p>(Informaci\u00f3n remitida por la empresa firmante)<\/p>\n<p> Madrid, 24 de marzo de 2024.- Primer Gran Premio de Europa, primer doblete espa\u00f1ol de la temporada 2024. El Gran Premio de Espa\u00f1a de motocross pasar\u00e1 a la historia por ser la primera vez que dos espa\u00f1oles no s\u00f3lo ganan, si no que se van de Madrid con la placa roja de l\u00edderes del Mundial. Y no pod\u00edan ser otros que Jorge Prado y Daniela Guill\u00e9n. El circuito de intu Xanad\u00fa en Arroyomolinos vibr\u00f3 como nunca durante toda la jornada del domingo, dando ese punto extra de fuerza a los nuestros para que llegasen hasta lo m\u00e1s alto. 30.150 personas han vivido un fin de semana hist\u00f3rico que quedar\u00e1 grabado en sus retinas.<\/p>\n<p> Historia viva del motocross espa\u00f1ol. Eso es en lo que se ha convertido Jorge Prado a lo largo de su carrera. No es para menos. Tres t\u00edtulos mundiales a sus espaldas, un debut prometedor en el supercross americano y ahora, un arranque de temporada perfecto. El lucense ha sido el ganador indiscutible de la m\u00e1xima categor\u00eda pudiendo, por fin, celebrar el triunfo del Gran Premio de Espa\u00f1a junto al p\u00fablico. Y es que, aunque ya gan\u00f3 en la primera edici\u00f3n en 2020, uno de sus objetivos era poder repetir esta victoria junto a sus seguidores. Hoy, por fin, ha llegado el d\u00eda. Manga clasificatoria, holeshot, carreras* Prado lo ha ganado todo en Madrid y se lo ha dedicado a esos miles de asistentes entregados que han celebrado junto a \u00e9l su estado de forma inmejorable. Con solo dos carreras, el piloto de GASGAS ya es el m\u00e1ximo favorito para ganar el t\u00edtulo.<\/p>\n<p> Guill\u00e9n en la cima del mundo <\/p>\n<p> Lo de Daniela Guill\u00e9n tambi\u00e9n es de otra galaxia. Por primera vez en el Mundial, suma un doblete en las mangas, que la ha hecho finalizar como ganadora del Gran Premio de Espa\u00f1a. Un sue\u00f1o hecho realidad para la piloto de Lloret de Mar que ha dado un salto de calidad desde la pasada temporada. La placa roja se queda en casa de nuevo, como ya lo hizo en el arranque del pasado Mundial, pero esta vez ante su p\u00fablico. Guill\u00e9n se encuentra en una forma f\u00edsica espectacular, lo que demuestra que ha trabajado duro esta pretemporada para abandonar el t\u00edtulo de subcampeona e intentar lograr su primer Mundial. De momento, con este triunfo, el comienzo no podr\u00eda ser mejor. \u00abEl apoyo del p\u00fablico me ha ayudado a terminar cada manga con ese extra de energ\u00eda. Ha sido un Gran Premio incre\u00edble\u00bb, aseguraba la piloto. Tras una contundente victoria en la jornada del s\u00e1bado, el domingo hizo vibrar al p\u00fablico con dos \u00faltimas vueltas de aut\u00e9ntico infarto con Lotte van Drunen, que lo intent\u00f3 hasta el final y apenas cruz\u00f3 la meta unas mil\u00e9simas por detr\u00e1s de Guill\u00e9n.<\/p>\n<p> Un Gran Premio de Espa\u00f1a hist\u00f3rico <\/p>\n<p> La otra gran categor\u00eda del fin de semana, MX2, termin\u00f3 con el triunfo de Kay de Wolf. El holand\u00e9s se reparti\u00f3 las mangas con el vigente campe\u00f3n Andrea Adamo y conserva la placa roja tras el Gran Premio de Espa\u00f1a. Oriol Oliver fue 14\u00ba y David Braceras 15\u00ba.<\/p>\n<p> En el campeonato europeo de 250 c.c., la victoria finalmente cay\u00f3 en manos de Valerio Lata, mientras que el mejor clasificado espa\u00f1ol fue el ibicenco El\u00edas Escandell, que logr\u00f3 colocarse en la s\u00e9ptima posici\u00f3n. Muy de cerca le sigui\u00f3 Fran Garc\u00eda, und\u00e9cimo.<\/p>\n<p> La gran fiesta del motocross espa\u00f1ol cierra as\u00ed un fin de semana hist\u00f3rico, en el que todos los que estuvieron en el Gran Premio de Espa\u00f1a del circuito de intu Xanad\u00fa, pudieron vivir un d\u00eda irrepetible. Pleno de triunfos de los favoritos, que pudieron al final devolver a la afici\u00f3n todo el cari\u00f1o que le ha dedicado en los \u00faltimos a\u00f1os en Madrid con espectaculares triunfos. Sin duda el avance de una temporada de \u00e9xito para el motocross espa\u00f1ol, que tras su paso por la Comunidad de Madrid volver\u00e1 a nuestro pa\u00eds el 11 y 12 de mayo para la disputa del Gran Premio de Galicia en el Circuito municipal Jorge Prado de Lugo.<\/p>\n<p> Im\u00e1genes (Juan Pablo Acevedo &#8211; Diego Mu\u00f1oz) \/ Brutos TV (MXGP): https:\/\/drive.google.com\/drive\/folders\/1S_7bSvZsMSSIG5Jp-hPoQZCYHw6s0E-M?usp=sharing <\/p>\n<p> Para m\u00e1s informaci\u00f3n visite: https:\/\/www.intuxanadu.com\/\/www.mxgpspain.com<\/p>\n<p> Sobre intu Xanad\u00fa <\/p>\n<p> Construido en el a\u00f1o 2003, intu Xanad\u00fa es el complejo comercial y de ocio m\u00e1s grande de la Comunidad de Madrid. Con una superficie total de 154.000 metros cuadrados en dos niveles, m\u00e1s de 220 tiendas y 10.000 plazas de aparcamiento, alberga operadores de primer nivel como Grupo Inditex, El Corte Ingl\u00e9s, Decathlon, Hollister, Primark, H&amp;M, Mango, Scalpers y Apple. Con hasta 13 millones de visitantes al a\u00f1o, dispone de &#8216;\u00e1gora by intu Xanad\u00fa&#8217;, un espacio \u00fanico que a\u00fana gastronom\u00eda y entretenimiento en un entorno rodeado de naturaleza, innovaci\u00f3n, confort y bienestar. Un destino de ocio para disfrutar de SnoZone, la \u00fanica pista de esqu\u00ed cubierta de Espa\u00f1a y la m\u00e1s grande de Europa con 18.000 metros cuadrados; Cinesa Luxe, Atlantis Aquarium y el nuevo Ilusiona. Una estrategia enmarcada en su concepto de complejo comercial que viene potenciada desde su compra por el fondo brit\u00e1nico intu en marzo de 2017. intu Xanad\u00fa cuenta con un s\u00f3lido compromiso con la creaci\u00f3n de valor a la sociedad y la generaci\u00f3n de un impacto positivo en su desempe\u00f1o ambiental y en las comunidades locales de su entorno.<\/p>\n<p> Para m\u00e1s informaci\u00f3n y gesti\u00f3n de entrevistas: <\/p>\n<p> europa press Comunicaci\u00f3n &#8211; 91 359 26 00 <\/p>\n<p> Silvia Mullor &#8211; silviamullor@europapress.es <\/p>\n<p> Leticia G\u00f3mez &#8211; leticiagomez@europapress.es <\/p>\n","protected":false},"excerpt":{"rendered":"<p>(Informaci\u00f3n remitida por la empresa firmante) Madrid, 24 de marzo de 2024.- Primer Gran Premio de Europa, primer doblete espa\u00f1ol de la temporada 2024. El Gran Premio de Espa\u00f1a de motocross pasar\u00e1 a la historia por ser la primera vez que dos espa\u00f1oles no s\u00f3lo ganan, si no que se van de Madrid con la [&hellip;]<\/p>\n","protected":false},"author":1,"featured_media":0,"comment_status":"closed","ping_status":"closed","sticky":false,"template":"","format":"standard","meta":{"footnotes":""},"categories":[],"tags":[],"class_list":["post-51444","post","type-post","status-publish","format-standard","hentry"],"_links":{"self":[{"href":"https:\/\/webciudadana.net\/index.php?rest_route=\/wp\/v2\/posts\/51444","targetHints":{"allow":["GET"]}}],"collection":[{"href":"https:\/\/webciudadana.net\/index.php?rest_route=\/wp\/v2\/posts"}],"about":[{"href":"https:\/\/webciudadana.net\/index.php?rest_route=\/wp\/v2\/types\/post"}],"author":[{"embeddable":true,"href":"https:\/\/webciudadana.net\/index.php?rest_route=\/wp\/v2\/users\/1"}],"replies":[{"embeddable":true,"href":"https:\/\/webciudadana.net\/index.php?rest_route=%2Fwp%2Fv2%2Fcomments&post=51444"}],"version-history":[{"count":0,"href":"https:\/\/webciudadana.net\/index.php?rest_route=\/wp\/v2\/posts\/51444\/revisions"}],"wp:attachment":[{"href":"https:\/\/webciudadana.net\/index.php?rest_route=%2Fwp%2Fv2%2Fmedia&parent=51444"}],"wp:term":[{"taxonomy":"category","embeddable":true,"href":"https:\/\/webciudadana.net\/index.php?rest_route=%2Fwp%2Fv2%2Fcategories&post=51444"},{"taxonomy":"post_tag","embeddable":true,"href":"https:\/\/webciudadana.net\/index.php?rest_route=%2Fwp%2Fv2%2Ftags&post=51444"}],"curies":[{"name":"wp","href":"https:\/\/api.w.org\/{rel}","templated":true}]}}