{"id":51451,"date":"2024-03-25T10:05:16","date_gmt":"2024-03-25T09:05:16","guid":{"rendered":"https:\/\/ticker-noticiasep.microcontenidos.com\/NoticiaRSS.vbhtml?user=XRNR562DLR&amp;cod=20240325100516"},"modified":"2024-03-25T10:05:16","modified_gmt":"2024-03-25T09:05:16","slug":"estudiantes-de-uic-barcelona-presentan-disenos-de-espacios-publicos-para-los-afectados-en-la-palma","status":"publish","type":"post","link":"https:\/\/webciudadana.net\/?p=51451","title":{"rendered":"Estudiantes de UIC Barcelona presentan dise\u00f1os de espacios p\u00fablicos para los afectados en La Palma"},"content":{"rendered":"\n<p>(Informaci\u00f3n remitida por la empresa firmante)<\/p>\n<p> Los alumnos del M\u00e1ster en Cooperaci\u00f3n Internacional en Arquitectura Sostenible de Emergencia (MICSEA) han trabajado conjuntamente con los afectados en el dise\u00f1o de espacios p\u00fablicos para La Palma.<\/p>\n<p>\nLa poblaci\u00f3n vive actualmente en contenedores de metal de 60 m2 desplazados por el volc\u00e1n cumbre vieja.<\/p>\n<p>\nEl taller ha recibido el apoyo de la Cruz Roja y el Ayuntamiento de Los Llanos de Aridane.<\/p>\n<p> Barcelona, 25 de marzo de 2024.- Alumnos del M\u00e1ster en Cooperaci\u00f3n Internacional en Arquitectura Sostenible de Emergencia (MICSEA) de UIC Barcelona School of Architecture han presentado ante autoridades de La Palma tres propuestas de dise\u00f1o de espacios p\u00fablicos para La Palma. La presentaci\u00f3n, que ha recibido el apoyo de la Cruz Roja y El Ayuntamiento de Los Llanos de Aridane, ha contado con la presencia de D. Javier Llamas, alcalde de Los Llanos de Aridane; D\u00f1a. Tamara Acosta Vera, concejala de Urbanismo de Los Llanos de Aridane, y D\u00f1a. Vanesa Garc\u00eda, D\u00f1a. Ver\u00f3nica Candelaria y D. Luis Carrasco, de Cruz Roja.<\/p>\n<p> El taller de presentaci\u00f3n ha tenido como objetivo reconstruir la vida en comunidad y poner a disposici\u00f3n de los residentes desplazados a causa de la erupci\u00f3n del volc\u00e1n Cumbre Vieja espacios p\u00fablicos que faciliten la convivencia. Los alumnos han trabajado en tres propuestas de espacios p\u00fablicos conjuntamente con habitantes de la isla para garantizar que los espacios est\u00e1n alineados con la cultura, identidad y tradiciones de los afectados.<\/p>\n<p> Metodolog\u00eda participativa.<\/p>\n<p> El proceso se inici\u00f3 con un diagn\u00f3stico inicial de la zona donde se ubican los contenedores en los que residen los habitantes. Seguidamente, se han realizado actividades conjuntas entre estudiantes y personas desplazadas para comprender sus necesidades y anhelos. Se han llevado a cabo grupos de discusi\u00f3n, entrevistas y recorridos por el lugar para conocer c\u00f3mo eran sus hogares y espacios p\u00fablicos antes de la erupci\u00f3n. Esta informaci\u00f3n ha sido fundamental para dise\u00f1ar propuestas que reflejen su identidad cultural.<\/p>\n<p> Resultados del taller El taller ha finalizado con la presentaci\u00f3n de tres propuestas de espacios p\u00fablicos que abordan las carencias actuales y recogen las aspiraciones de la comunidad. Estas propuestas han incluido detalles sobre las actividades que se pueden realizar en cada espacio, los materiales que se utilizan y las fases de implementaci\u00f3n. Contribuci\u00f3n a la reconstrucci\u00f3n<\/p>\n<p> La iniciativa de UIC Barcelona es un proyecto que empodera a la comunidad desplazada para participar activamente en la reconstrucci\u00f3n de su futuro. Las propuestas elaboradas servir\u00e1n como base para futuras actuaciones por parte de las administraciones p\u00fablicas y otras entidades implicadas en la recuperaci\u00f3n de La Palma.<\/p>\n<p> Sobre UIC Barcelona.<\/p>\n<p> La Universitat Internacional de Catalunya (UIC Barcelona) naci\u00f3 en 1997 con el objetivo de ofrecer una formaci\u00f3n universitaria de calidad y promover la investigaci\u00f3n como servicio a la sociedad. Ligada al mundo empresarial y con un marcado car\u00e1cter internacional, imparte 16 grados, 8 dobles grados, una treintena de dobles titulaciones internacionales y una amplia oferta de programas de posgrado en sus dos campus, situados en Barcelona y Sant Cugat del Vall\u00e9s.<\/p>\n<p> Como parte de su compromiso con la sociedad, UIC Barcelona tambi\u00e9n cuenta con tres cl\u00ednicas universitarias ubicadas en el Campus Sant Cugat: la Cl\u00ednica Universitaria de Odontolog\u00eda, Support &#8211; Cl\u00ednica Universitaria de Psicolog\u00eda y Psiquiatr\u00eda, y Cuides UIC Barcelona, centrada en la atenci\u00f3n a pacientes con enfermedades avanzadas y cuidados paliativos.<\/p>\n<p> Para m\u00e1s informaci\u00f3n:.<\/p>\n<p>\nJordi Estopi\u00f1\u00e1n Guarc.<\/p>\n<p>\nResponsable de Comunicaci\u00f3n.<\/p>\n<p>\nT. +34 675 78 34 29 Ext: 4294.<\/p>\n<p>\nImmaculada 22, 08017 Barcelona.<\/p>\n<p>\njestopinan@uic.es | uic.es.<\/p>\n","protected":false},"excerpt":{"rendered":"<p>(Informaci\u00f3n remitida por la empresa firmante) Los alumnos del M\u00e1ster en Cooperaci\u00f3n Internacional en Arquitectura Sostenible de Emergencia (MICSEA) han trabajado conjuntamente con los afectados en el dise\u00f1o de espacios p\u00fablicos para La Palma. La poblaci\u00f3n vive actualmente en contenedores de metal de 60 m2 desplazados por el volc\u00e1n cumbre vieja. El taller ha recibido [&hellip;]<\/p>\n","protected":false},"author":1,"featured_media":0,"comment_status":"closed","ping_status":"closed","sticky":false,"template":"","format":"standard","meta":{"footnotes":""},"categories":[],"tags":[],"class_list":["post-51451","post","type-post","status-publish","format-standard","hentry"],"_links":{"self":[{"href":"https:\/\/webciudadana.net\/index.php?rest_route=\/wp\/v2\/posts\/51451","targetHints":{"allow":["GET"]}}],"collection":[{"href":"https:\/\/webciudadana.net\/index.php?rest_route=\/wp\/v2\/posts"}],"about":[{"href":"https:\/\/webciudadana.net\/index.php?rest_route=\/wp\/v2\/types\/post"}],"author":[{"embeddable":true,"href":"https:\/\/webciudadana.net\/index.php?rest_route=\/wp\/v2\/users\/1"}],"replies":[{"embeddable":true,"href":"https:\/\/webciudadana.net\/index.php?rest_route=%2Fwp%2Fv2%2Fcomments&post=51451"}],"version-history":[{"count":0,"href":"https:\/\/webciudadana.net\/index.php?rest_route=\/wp\/v2\/posts\/51451\/revisions"}],"wp:attachment":[{"href":"https:\/\/webciudadana.net\/index.php?rest_route=%2Fwp%2Fv2%2Fmedia&parent=51451"}],"wp:term":[{"taxonomy":"category","embeddable":true,"href":"https:\/\/webciudadana.net\/index.php?rest_route=%2Fwp%2Fv2%2Fcategories&post=51451"},{"taxonomy":"post_tag","embeddable":true,"href":"https:\/\/webciudadana.net\/index.php?rest_route=%2Fwp%2Fv2%2Ftags&post=51451"}],"curies":[{"name":"wp","href":"https:\/\/api.w.org\/{rel}","templated":true}]}}