{"id":51467,"date":"2024-03-25T15:08:57","date_gmt":"2024-03-25T14:08:57","guid":{"rendered":"https:\/\/ticker-noticiasep.microcontenidos.com\/NoticiaRSS.vbhtml?user=XRNR562DLR&amp;cod=20240325150857"},"modified":"2024-03-25T15:08:57","modified_gmt":"2024-03-25T14:08:57","slug":"fundacion-transforma-espana-abre-las-candidaturas-de-la-iii-edicion-de-los-premios-valor-anadido-al-talento-senior","status":"publish","type":"post","link":"https:\/\/webciudadana.net\/?p=51467","title":{"rendered":"Fundaci\u00f3n Transforma Espa\u00f1a abre las candidaturas de la III edici\u00f3n de los &#8216;Premios Valor A\u00f1adido&#8217; al talento s\u00e9nior"},"content":{"rendered":"\n<div><img decoding=\"async\" src=\"\/wp-content\/uploads\/sites\/2\/2024\/03\/fundacion-transforma-espana-abre-las-candidaturas-de-la-iii-edicion-de-los-premios-valor-anadido-al-talento-senior.jpg\" class=\"ff-og-image-inserted\"><\/div>\n<p> MADRID, 25 (EUROPA PRESS)<\/p>\n<p> La Fundaci\u00f3n Transforma Espa\u00f1a ha abierto el plazo de recepci\u00f3n de candidaturas de la III edici\u00f3n de los &#8216;Premios Valor A\u00f1adido&#8217;, que impulsa en colaboraci\u00f3n con BBVA, para poner en valor la importancia del talento s\u00e9nior.<\/p>\n<p> Estos galardones buscan premiar a aquellas personas f\u00edsicas que han contribuido, con su trabajo y sus m\u00e9ritos (en las \u00e1reas educativas, cient\u00edficas, t\u00e9cnicas, culturales, empresariales, deportivas y sociales) a subrayar el valor del talento s\u00e9nior en Espa\u00f1a, \u00abespecialmente si su mayor logro ha sido alcanzado en su etapa s\u00e9nior\u00bb. Con esta iniciativa, Fundaci\u00f3n Transforma Espa\u00f1a destaca que busca construir referentes.<\/p>\n<p> En concreto, el plazo de recepci\u00f3n de candidaturas de la &#8216;III edici\u00f3n de los Premios Valor A\u00f1adido&#8217; finaliza el pr\u00f3ximo 24 de mayo. Seg\u00fan sus impulsores, las candidaturas deben ser presentadas por personas o entidades a trav\u00e9s de la p\u00e1gina web de Transforma Espa\u00f1a, acompa\u00f1adas de dos cartas de apoyo.<\/p>\n<p> As\u00ed, un jurado formado por once personalidades expertas en las diferentes categor\u00edas y encabezado por el expresidente de Ur\u00eda Men\u00e9ndez, Luis de Carlos, se reunir\u00e1 el pr\u00f3ximo 13 de junio para la deliberaci\u00f3n. La ceremonia de entrega de premios se celebrar\u00e1 en el Palacio del Marqu\u00e9s de Salamanca de Madrid (sede de la Fundaci\u00f3n BBVA) el pr\u00f3ximo 26 de junio.<\/p>\n<p> Las categor\u00edas de los premios son las siguientes: Premio Valor A\u00f1adido a la Naci\u00f3n y la Concordia; Premio Valor A\u00f1adido a la Educaci\u00f3n; Premio Valor A\u00f1adido a la Ciencia e Investigaci\u00f3n; Premio Valor A\u00f1adido a la Empresa; Premio Valor A\u00f1adido a la Cultura y el Deporte; Premio Valor A\u00f1adido a la Acci\u00f3n Social.<\/p>\n<p> En la edici\u00f3n del a\u00f1o pasado, los &#8216;Premios Valor A\u00f1adido&#8217; reconocieron la labor de Marcelino Oreja Aguirre; Margarita Mor\u00e1is; Margarita del Val; Marc Puig; Cristina Hoyos; Gregorio Mara\u00f1\u00f3n y Paco Arango. La Reina Do\u00f1a Sof\u00eda recibi\u00f3 el &#8216;Premio de Honor al Valor A\u00f1adido&#8217; al considerarse que, a lo largo de su trayectoria, \u00abha participado y se ha distinguido en todas las categor\u00edas a las que hacen referencia los Premios\u00bb.<\/p>\n<p> En palabras del presidente de Fundaci\u00f3n Transforma Espa\u00f1a, Eduardo Serra, \u00abes necesario acabar con la idea err\u00f3nea de que una persona, a cierta edad, no tiene m\u00e1s que aportar\u00bb. \u00abCon esta tercera edici\u00f3n buscamos reconocer la extraordinaria labor de destacadas personas mayores de 55 a\u00f1os que siguen aportando valor a la sociedad\u00bb, ha apostillado.<\/p>\n<p> El objetivo de los premios es incentivar a las personas que, \u00abpudiendo no hacer nada tras su jubilaci\u00f3n o prejubilaci\u00f3n\u00bb, todav\u00eda contribuyen con su talento y experiencia a crear \u00abuna sociedad mejor\u00bb. \u00abAlargar la vida laboral impacta de forma positiva sobre el crecimiento econ\u00f3mico, el poder adquisitivo de las personas y la recaudaci\u00f3n tributaria del Estado y por ello, en la sostenibilidad del Estado de Bienestar\u00bb, ha concluido Serra. <\/p>\n","protected":false},"excerpt":{"rendered":"<p>MADRID, 25 (EUROPA PRESS) La Fundaci\u00f3n Transforma Espa\u00f1a ha abierto el plazo de recepci\u00f3n de candidaturas de la III edici\u00f3n de los &#8216;Premios Valor A\u00f1adido&#8217;, que impulsa en colaboraci\u00f3n con BBVA, para poner en valor la importancia del talento s\u00e9nior. Estos galardones buscan premiar a aquellas personas f\u00edsicas que han contribuido, con su trabajo y [&hellip;]<\/p>\n","protected":false},"author":1,"featured_media":0,"comment_status":"closed","ping_status":"closed","sticky":false,"template":"","format":"standard","meta":{"footnotes":""},"categories":[],"tags":[],"class_list":["post-51467","post","type-post","status-publish","format-standard","hentry"],"_links":{"self":[{"href":"https:\/\/webciudadana.net\/index.php?rest_route=\/wp\/v2\/posts\/51467","targetHints":{"allow":["GET"]}}],"collection":[{"href":"https:\/\/webciudadana.net\/index.php?rest_route=\/wp\/v2\/posts"}],"about":[{"href":"https:\/\/webciudadana.net\/index.php?rest_route=\/wp\/v2\/types\/post"}],"author":[{"embeddable":true,"href":"https:\/\/webciudadana.net\/index.php?rest_route=\/wp\/v2\/users\/1"}],"replies":[{"embeddable":true,"href":"https:\/\/webciudadana.net\/index.php?rest_route=%2Fwp%2Fv2%2Fcomments&post=51467"}],"version-history":[{"count":0,"href":"https:\/\/webciudadana.net\/index.php?rest_route=\/wp\/v2\/posts\/51467\/revisions"}],"wp:attachment":[{"href":"https:\/\/webciudadana.net\/index.php?rest_route=%2Fwp%2Fv2%2Fmedia&parent=51467"}],"wp:term":[{"taxonomy":"category","embeddable":true,"href":"https:\/\/webciudadana.net\/index.php?rest_route=%2Fwp%2Fv2%2Fcategories&post=51467"},{"taxonomy":"post_tag","embeddable":true,"href":"https:\/\/webciudadana.net\/index.php?rest_route=%2Fwp%2Fv2%2Ftags&post=51467"}],"curies":[{"name":"wp","href":"https:\/\/api.w.org\/{rel}","templated":true}]}}