{"id":51468,"date":"2024-03-25T15:41:41","date_gmt":"2024-03-25T14:41:41","guid":{"rendered":"https:\/\/ticker-noticiasep.microcontenidos.com\/NoticiaRSS.vbhtml?user=XRNR562DLR&amp;cod=20240325154141"},"modified":"2024-03-25T15:41:41","modified_gmt":"2024-03-25T14:41:41","slug":"gran-exito-de-grana-padano-en-el-desafio-de-tapas-challenge","status":"publish","type":"post","link":"https:\/\/webciudadana.net\/?p=51468","title":{"rendered":"Gran \u00e9xito de Grana Padano en el desaf\u00edo de TAPAS CHALLENGE"},"content":{"rendered":"\n<div><img decoding=\"async\" src=\"\/wp-content\/uploads\/sites\/2\/2024\/03\/gran-exito-de-grana-padano-en-el-desafio-de-tapas-challenge.jpg\" class=\"ff-og-image-inserted\"><\/div>\n<p>(Informaci\u00f3n remitida por la empresa firmante)<\/p>\n<p>\nBarcelona, 25 de marzo<\/p>\n<p>\nLola Bernab\u00e9, Laura Ponts y Amelia Plat\u00f3n, tres de las mejores influencers gastron\u00f3micas de Espa\u00f1a se desaf\u00edan en el TAPAS CHALLENGE<\/p>\n<p>\nDurante los cuatro d\u00edas de la Fira Alimentaria, Grana Padano ha cautivado a los asistentes con showcookings y experiencias gastron\u00f3micas inolvidables. Uno de los momentos m\u00e1s destacados ha sido el desaf\u00edo culinario #TAPASCHALLENGE, celebrado el 19 de marzo, donde Amelia Plat\u00f3n, Laura Ponts y Lola Bernab\u00e9 compitieron para crear una tapa con Grana Padano. Entre ellas suman m\u00e1s de 900 mil seguidores en Instagram, que han ido siguiendo el evento en \u00bbreal-time\u00bb. *<\/p>\n<p>\nDurante el desaf\u00edo culinario #TAPASCHALLENGE en la Fira Alimentaria de Barcelona 2024, cada participante ha deslumbrado al jurado con creaciones originales que han destacado la versatilidad y el sabor excepcional de Grana Padano. Amelia Plat\u00f3n ha cautivado a los presentes con sus innovadores Tacos Italianos de Grana Padano con Mortadela. Por otro lado, Lola Bernab\u00e9 ha presentado un Crujiente de Berenjena con Grana Padano. Laura Ponts ha sorprendido al p\u00fablico con su Tartar de Fuet sobre Brioche con Grana Padano. Un jurado compuesto por periodistas del sector, influencers gastron\u00f3micos y otras personalidades destacadas han asisitdo y degustado las tres tapas. El jurado ha valorado la creatividad, el sabor y la presentaci\u00f3n de cada tapa, seleccionando a la mejor.<\/p>\n<p> Lola Bernab\u00e9 ha sido declarada ganadora de este desaf\u00edo, cautivando al jurado con su creatividad, incorporando Grana Padano de una manera deliciosa, apostando por un crujiente de berenjena con Grana Padano.<\/p>\n<p> Adem\u00e1s, los showcookings en vivo dirigidos por Amelia Plat\u00f3n y Mar\u00eda Rodas durante la hora del almuerzo han sido aclamados por los asistentes, quienes han disfrutado de una experiencia mientras han observado a las participantes preparar exquisitos platos utilizando Grana Padano, como un Carpaccio de calabac\u00edn con pesto de Grana Padano, tomate semiseco, copos de Grana Padano, nueces tostadas y tuiles crujientes de Grana Padano y una Ensalada c\u00e9sar con 4 texturas de Grana Padano.<\/p>\n<p> La destacada presencia de Grana Padano en uno de los eventos m\u00e1s importantes de la industria alimentaria ha sido un testimonio del compromiso continuo de la marca con la excelencia culinaria y la innovaci\u00f3n. Durante su presencia en la feria, se ha podido degustar Grana Padano DOP (16 meses de maduraci\u00f3n) o Grana Padano DOP Reserva (27 meses de maduraci\u00f3n).<\/p>\n<p> El jurado del TAPAS CHALLENGE ha sido compuesto por 5 influencers del sector gastron\u00f3mico y 3 periodistas de revistas profesionales de la alimentaci\u00f3n.<\/p>\n<p> Grana Padano es la denominaci\u00f3n de Origen Protegida de quesos m\u00e1s consumida del mundo, siendo Espa\u00f1a el 4\u00ba mercado en Europa para Grana Padano. *Se trata de un queso artesanal, libre de gluten y sin lactosa, cuya historia se remonta a casi hace 1.000 a\u00f1os. La versatilidad en la cocina y su alto valor nutricional son las caracter\u00edsticas fundamentales del queso Grana Padano DOP.<\/p>\n<p> El \u00e9xito de Grana Padano en la Fira Alimentaria de Barcelona 2024 no habr\u00eda sido posible sin el apoyo de los asistentes, medios de comunicaci\u00f3n, chefs, influencers y todos los involucrados en este evento destacado de la industria alimentaria. Grana Padano reafirma su compromiso de seguir ofreciendo productos de la m\u00e1s alta calidad y promover la excelencia culinaria en todo el mundo.<\/p>\n<p> Contacto<\/p>\n<p>\nNombre contacto: BeBRAND<\/p>\n<p>\nDescripci\u00f3n contacto: BeBRAND<\/p>\n<p>\nTel\u00e9fono de contacto: 649 01 84 35<\/p>\n","protected":false},"excerpt":{"rendered":"<p>(Informaci\u00f3n remitida por la empresa firmante) Barcelona, 25 de marzo Lola Bernab\u00e9, Laura Ponts y Amelia Plat\u00f3n, tres de las mejores influencers gastron\u00f3micas de Espa\u00f1a se desaf\u00edan en el TAPAS CHALLENGE Durante los cuatro d\u00edas de la Fira Alimentaria, Grana Padano ha cautivado a los asistentes con showcookings y experiencias gastron\u00f3micas inolvidables. Uno de los [&hellip;]<\/p>\n","protected":false},"author":1,"featured_media":0,"comment_status":"closed","ping_status":"closed","sticky":false,"template":"","format":"standard","meta":{"footnotes":""},"categories":[],"tags":[],"class_list":["post-51468","post","type-post","status-publish","format-standard","hentry"],"_links":{"self":[{"href":"https:\/\/webciudadana.net\/index.php?rest_route=\/wp\/v2\/posts\/51468","targetHints":{"allow":["GET"]}}],"collection":[{"href":"https:\/\/webciudadana.net\/index.php?rest_route=\/wp\/v2\/posts"}],"about":[{"href":"https:\/\/webciudadana.net\/index.php?rest_route=\/wp\/v2\/types\/post"}],"author":[{"embeddable":true,"href":"https:\/\/webciudadana.net\/index.php?rest_route=\/wp\/v2\/users\/1"}],"replies":[{"embeddable":true,"href":"https:\/\/webciudadana.net\/index.php?rest_route=%2Fwp%2Fv2%2Fcomments&post=51468"}],"version-history":[{"count":0,"href":"https:\/\/webciudadana.net\/index.php?rest_route=\/wp\/v2\/posts\/51468\/revisions"}],"wp:attachment":[{"href":"https:\/\/webciudadana.net\/index.php?rest_route=%2Fwp%2Fv2%2Fmedia&parent=51468"}],"wp:term":[{"taxonomy":"category","embeddable":true,"href":"https:\/\/webciudadana.net\/index.php?rest_route=%2Fwp%2Fv2%2Fcategories&post=51468"},{"taxonomy":"post_tag","embeddable":true,"href":"https:\/\/webciudadana.net\/index.php?rest_route=%2Fwp%2Fv2%2Ftags&post=51468"}],"curies":[{"name":"wp","href":"https:\/\/api.w.org\/{rel}","templated":true}]}}