{"id":51481,"date":"2024-03-25T18:49:52","date_gmt":"2024-03-25T17:49:52","guid":{"rendered":"https:\/\/ticker-noticiasep.microcontenidos.com\/NoticiaRSS.vbhtml?user=XRNR562DLR&amp;cod=20240325184952"},"modified":"2024-03-25T18:49:52","modified_gmt":"2024-03-25T17:49:52","slug":"damm-alcanza-los-59-000-metros-cuadrados-de-parque-fotovoltaico-tras-invertir-35-millones","status":"publish","type":"post","link":"https:\/\/webciudadana.net\/?p=51481","title":{"rendered":"Damm alcanza los 59.000 metros cuadrados de parque fotovoltaico tras invertir 3,5 millones"},"content":{"rendered":"\n<div><img decoding=\"async\" src=\"\/wp-content\/uploads\/sites\/2\/2024\/03\/damm-alcanza-los-59-000-metros-cuadrados-de-parque-fotovoltaico-tras-invertir-35-millones.jpg\" class=\"ff-og-image-inserted\"><\/div>\n<p>Prev\u00e9 para final de a\u00f1o autoproducir con energ\u00eda alternativa el 9% de la energ\u00eda que consume<\/p>\n<p> BARCELONA, 25 (EUROPA PRESS)<\/p>\n<p> Damm ha duplicado la extensi\u00f3n de su parque fotovoltaico alcanzando los 59.000 metros cuadrados, un proyecto en que ha invertido 3,5 millones de euros y \u00abreafirma la posici\u00f3n de Damm como la cervecera con mayor extensi\u00f3n de placas para fomentar la autoproducci\u00f3n de energ\u00eda solar de la pen\u00ednsula ib\u00e9rica\u00bb, informa este lunes en un comunicado.<\/p>\n<p> La compa\u00f1\u00eda prev\u00e9 que a final de a\u00f1o podr\u00e1 autoproducir con energ\u00eda verde cerca del 9% de la energ\u00eda que consume, y el total de placas fotovoltaicas instaladas evita la emisi\u00f3n de 7.000 toneladas de CO2 al a\u00f1o, \u00abemisiones que equivalen a la plantaci\u00f3n de m\u00e1s de 2.600 especies de pino carrasco cada a\u00f1o\u00bb.<\/p>\n<p> Las nuevas placas, instaladas en las plantas de El Prat de Llobregat (Barcelona), Murcia, M\u00e1laga, la ZAL de Barcelona y su malter\u00eda la Moravia, sumadas al parque ya existente, \u00abcuentan con una potencia pico de 11.200 kWp que permite a la compa\u00f1\u00eda duplicar su capacidad de producci\u00f3n de energ\u00eda limpia hasta los 15 Gwh de electricidad al a\u00f1o\u00bb.<\/p>\n<p>\nEL PRAT<\/p>\n<p> En el caso de la f\u00e1brica de El Prat de Llobregat se ha ampliado la superficie fotovoltaica hasta un total de 5.627 placas, que tienen la capacidad de generar hasta 3,235 kWp de energ\u00eda en r\u00e9gimen de autoconsumo.<\/p>\n<p>\nHACIA LA AUTOSUFICIENCIA ENERG\u00c9TICA<\/p>\n<p> El director de Optimizaci\u00f3n Energ\u00e9tica y Medio Ambiente de Damm, Juan Antonio L\u00f3pez Abad\u00eda, ha afirmado que \u00abesta nueva fase de ampliaci\u00f3n del parque fotovoltaico forma parte de la apuesta de Damm por instaurar un modelo energ\u00e9tico basado en la autosuficiencia\u00bb.<\/p>\n<p> Para la compa\u00f1\u00eda, la transici\u00f3n energ\u00e9tica hacia modelos m\u00e1s sostenibles \u00abes una prioridad y llevamos a\u00f1os trabajando para minimizar el impacto de nuestra actividad a nivel medioambiental\u00bb, seg\u00fan el directivo.<\/p>\n","protected":false},"excerpt":{"rendered":"<p>Prev\u00e9 para final de a\u00f1o autoproducir con energ\u00eda alternativa el 9% de la energ\u00eda que consume BARCELONA, 25 (EUROPA PRESS) Damm ha duplicado la extensi\u00f3n de su parque fotovoltaico alcanzando los 59.000 metros cuadrados, un proyecto en que ha invertido 3,5 millones de euros y \u00abreafirma la posici\u00f3n de Damm como la cervecera con mayor [&hellip;]<\/p>\n","protected":false},"author":1,"featured_media":0,"comment_status":"closed","ping_status":"closed","sticky":false,"template":"","format":"standard","meta":{"footnotes":""},"categories":[],"tags":[],"class_list":["post-51481","post","type-post","status-publish","format-standard","hentry"],"_links":{"self":[{"href":"https:\/\/webciudadana.net\/index.php?rest_route=\/wp\/v2\/posts\/51481","targetHints":{"allow":["GET"]}}],"collection":[{"href":"https:\/\/webciudadana.net\/index.php?rest_route=\/wp\/v2\/posts"}],"about":[{"href":"https:\/\/webciudadana.net\/index.php?rest_route=\/wp\/v2\/types\/post"}],"author":[{"embeddable":true,"href":"https:\/\/webciudadana.net\/index.php?rest_route=\/wp\/v2\/users\/1"}],"replies":[{"embeddable":true,"href":"https:\/\/webciudadana.net\/index.php?rest_route=%2Fwp%2Fv2%2Fcomments&post=51481"}],"version-history":[{"count":0,"href":"https:\/\/webciudadana.net\/index.php?rest_route=\/wp\/v2\/posts\/51481\/revisions"}],"wp:attachment":[{"href":"https:\/\/webciudadana.net\/index.php?rest_route=%2Fwp%2Fv2%2Fmedia&parent=51481"}],"wp:term":[{"taxonomy":"category","embeddable":true,"href":"https:\/\/webciudadana.net\/index.php?rest_route=%2Fwp%2Fv2%2Fcategories&post=51481"},{"taxonomy":"post_tag","embeddable":true,"href":"https:\/\/webciudadana.net\/index.php?rest_route=%2Fwp%2Fv2%2Ftags&post=51481"}],"curies":[{"name":"wp","href":"https:\/\/api.w.org\/{rel}","templated":true}]}}