{"id":51484,"date":"2024-03-25T20:05:52","date_gmt":"2024-03-25T19:05:52","guid":{"rendered":"https:\/\/ticker-noticiasep.microcontenidos.com\/NoticiaRSS.vbhtml?user=XRNR562DLR&amp;cod=20240325200552"},"modified":"2024-03-25T20:05:52","modified_gmt":"2024-03-25T19:05:52","slug":"castellon-acoge-el-iii-encuentro-conectando-empresarios-e-investigadores-organizado-por-fundacion-lab-mediterraneo","status":"publish","type":"post","link":"https:\/\/webciudadana.net\/?p=51484","title":{"rendered":"Castell\u00f3n acoge el &#8216;III Encuentro Conectando empresarios e investigadores&#8217;, organizado por Fundaci\u00f3n LAB Mediterr\u00e1neo"},"content":{"rendered":"\n<div><img decoding=\"async\" src=\"\/wp-content\/uploads\/sites\/2\/2024\/03\/castellon-acoge-el-iii-encuentro-conectando-empresarios-e-investigadores-organizado-por-fundacion-lab-mediterraneo.jpg\" class=\"ff-og-image-inserted\"><\/div>\n<p> CASTELL\u00d3, 25 (EUROPA PRESS)<\/p>\n<p> Fundaci\u00f3n LAB Mediterr\u00e1neo, proyecto impulsado por la Asociaci\u00f3n Valenciana de Empresarios (AVE), organiza este martes, 26 de marzo, en Castell\u00f3n la tercera edici\u00f3n del &#8216;Encuentro Conectando empresarios e investigadores&#8217;, en colaboraci\u00f3n con L&#8217;Associaci\u00f3 de Cient\u00edfiques i Cient\u00edfics d&#8217;Excel\u00b7l\u00e8ncia del Pla GenT (AccenT), el Aeropuerto de Castell\u00f3n, la Asociaci\u00f3n Valenciana de Empresarios (AVE), CEV Castell\u00f3n, el Consejo de C\u00e1maras de la Comunitat Valenciana y la Universitat Jaume I (UJI), tras las celebradas en Valencia y Alicante en a\u00f1os anteriores, con el objetivo de fomentar sinergias entre los empresarios y los investigadores.<\/p>\n<p> El evento se desarrollar\u00e1 a partir de las 11.30 horas en el Hotel Intelier Rosa de Castell\u00f3. Este evento se enmarca en el objetivo de potenciar la investigaci\u00f3n, uno de los cinco fijados para cumplir la misi\u00f3n de la fundaci\u00f3n.<\/p>\n<p> Tras la bienvenida a cargo de Myriam Gimeno, consejera delegada de Grupo Gimeno, y Gonzalo Abell\u00e1n, presidente de AccenT, tendr\u00e1 lugar un di\u00e1logo que girar\u00e1 en torno a la conexi\u00f3n entre la investigaci\u00f3n y la empresa en el que intervendr\u00e1n Gonzalo Abell\u00e1n, CTO\/fundador de Matteco, y Manuel Quesada, IP&amp;Innovation Manager de Matteco, moderado por Enrique Soto, director de Fundaci\u00f3n LAB Mediterr\u00e1neo.<\/p>\n<p> A continuaci\u00f3n, cinco investigadores distinguidos presentar\u00e1n sus respectivas \u00e1reas de trabajo y las aplicaciones pr\u00e1cticas para el mundo de la empresa: Luis Cabedo (UJI), Josep Canet (UV), Juana Mar\u00eda Delgado (UJI), Bel\u00e9n Franch (UV), y V\u00edctor Sans (UJI).<\/p>\n<p> La jornada finalizar\u00e1 con una mesa redonda moderada por David Cabedo, vicerrector de Innovaci\u00f3n, Transferencia y Divulgaci\u00f3n Cient\u00edfica de la UJI en la que Adoraci\u00f3n Arnaldos, directora de Innovaci\u00f3n y Tecnolog\u00eda de GDES; Guillermo Berlanga, director de I+D+i y Mejora Continua de Grupo Gimeno; y Jos\u00e9 Vicente Castell, director de RSC y Relaciones Externas de Vicky Foods, tratar\u00e1n qu\u00e9 necesitan las empresas de los investigadores. Al t\u00e9rmino de este espacio se proceder\u00e1 a la clausura y posterior c\u00f3ctel-networking para fomentar las conexiones entre los asistentes.<\/p>\n<p> Adem\u00e1s, los investigadores tendr\u00e1n la oportunidad de realizar un curso de gesti\u00f3n empresarial en EDEM Escuela de Empresarios. El objetivo principal del curso es formar a los investigadores participantes en herramientas y conceptos vinculados al emprendimiento y a la estrategia empresarial, que les permitan lanzar al mercado su propio proyecto con \u00e9xito.<\/p>\n<p> Fundaci\u00f3n LAB Mediterr\u00e1neo Fundaci\u00f3n LAB Mediterr\u00e1neo es un proyecto que nace desde AVE con la misi\u00f3n de posicionar a la Comunitat Valenciana como un referente nacional y europeo en emprendimiento, innovaci\u00f3n, tecnolog\u00eda e investigaci\u00f3n. Para lograrlo, se ha fijado cinco objetivos: fomentar la creaci\u00f3n y atracci\u00f3n de startups tecnol\u00f3gicas; trabajar para atraer empresas tecnol\u00f3gicas nacionales e internacionales, para que se instalen en la Comunitat Valenciana y creen un &#8216;efecto tractor&#8217;; promover el apoyo a empresas de sectores no tecnol\u00f3gicos para acelerar su transformaci\u00f3n digital; contribuir a incrementar la inversi\u00f3n privada en I+D+i; y ayudar a potenciar la investigaci\u00f3n.<\/p>\n<p> El Patronato de la Fundaci\u00f3n est\u00e1 integrado por Aceitunas Cazorla, Aquaservice\/Plug and Play, AVE, Bale\u00e0ria, Banco Sabadell, Boluda Corporaci\u00f3n Mar\u00edtima, CaixaBank, Dacsa Group, Exponentia, Familia Mart\u00ednez\/KMZERO, GDES, Grupo Bertol\u00edn, Grupo Gimeno, Helados Estiu, Importaco, Lanzadera, Logifruit, Nunsys, Royo\/ Invext, S2 Grupo, SPB\/Cleanity TIBA\/Romeu, Verne Technology Group y Zeus\/Sesam.<\/p>\n","protected":false},"excerpt":{"rendered":"<p>CASTELL\u00d3, 25 (EUROPA PRESS) Fundaci\u00f3n LAB Mediterr\u00e1neo, proyecto impulsado por la Asociaci\u00f3n Valenciana de Empresarios (AVE), organiza este martes, 26 de marzo, en Castell\u00f3n la tercera edici\u00f3n del &#8216;Encuentro Conectando empresarios e investigadores&#8217;, en colaboraci\u00f3n con L&#8217;Associaci\u00f3 de Cient\u00edfiques i Cient\u00edfics d&#8217;Excel\u00b7l\u00e8ncia del Pla GenT (AccenT), el Aeropuerto de Castell\u00f3n, la Asociaci\u00f3n Valenciana de Empresarios [&hellip;]<\/p>\n","protected":false},"author":1,"featured_media":0,"comment_status":"closed","ping_status":"closed","sticky":false,"template":"","format":"standard","meta":{"footnotes":""},"categories":[],"tags":[],"class_list":["post-51484","post","type-post","status-publish","format-standard","hentry"],"_links":{"self":[{"href":"https:\/\/webciudadana.net\/index.php?rest_route=\/wp\/v2\/posts\/51484","targetHints":{"allow":["GET"]}}],"collection":[{"href":"https:\/\/webciudadana.net\/index.php?rest_route=\/wp\/v2\/posts"}],"about":[{"href":"https:\/\/webciudadana.net\/index.php?rest_route=\/wp\/v2\/types\/post"}],"author":[{"embeddable":true,"href":"https:\/\/webciudadana.net\/index.php?rest_route=\/wp\/v2\/users\/1"}],"replies":[{"embeddable":true,"href":"https:\/\/webciudadana.net\/index.php?rest_route=%2Fwp%2Fv2%2Fcomments&post=51484"}],"version-history":[{"count":0,"href":"https:\/\/webciudadana.net\/index.php?rest_route=\/wp\/v2\/posts\/51484\/revisions"}],"wp:attachment":[{"href":"https:\/\/webciudadana.net\/index.php?rest_route=%2Fwp%2Fv2%2Fmedia&parent=51484"}],"wp:term":[{"taxonomy":"category","embeddable":true,"href":"https:\/\/webciudadana.net\/index.php?rest_route=%2Fwp%2Fv2%2Fcategories&post=51484"},{"taxonomy":"post_tag","embeddable":true,"href":"https:\/\/webciudadana.net\/index.php?rest_route=%2Fwp%2Fv2%2Ftags&post=51484"}],"curies":[{"name":"wp","href":"https:\/\/api.w.org\/{rel}","templated":true}]}}