{"id":51489,"date":"2024-03-26T09:51:07","date_gmt":"2024-03-26T08:51:07","guid":{"rendered":"https:\/\/ticker-noticiasep.microcontenidos.com\/NoticiaRSS.vbhtml?user=XRNR562DLR&amp;cod=20240326095107"},"modified":"2024-03-26T09:51:07","modified_gmt":"2024-03-26T08:51:07","slug":"merica-destaca-con-su-exitosa-participacion-en-alimentaria-2024","status":"publish","type":"post","link":"https:\/\/webciudadana.net\/?p=51489","title":{"rendered":"M\u00e9rica destaca con su exitosa participaci\u00f3n en Alimentaria 2024"},"content":{"rendered":"\n<div><img decoding=\"async\" src=\"\/wp-content\/uploads\/sites\/2\/2024\/03\/merica-destaca-con-su-exitosa-participacion-en-alimentaria-2024.jpg\" class=\"ff-og-image-inserted\"><\/div>\n<p>(Informaci\u00f3n remitida por la empresa firmante)<\/p>\n<p>\nB\u00e1rcelona, 26 de marzo<\/p>\n<p>\nM\u00e9rica, empresa del Grupo Lux, consolida su liderazgo en la industria de alimentos y bebidas tras su exitosa participaci\u00f3n en la Feria Alimentaria 2024<\/p>\n<p>\nM\u00e9rica, empresa del Grupo Lux, culmin\u00f3 su participaci\u00f3n en la Feria Alimentaria 2024, uno de los eventos m\u00e1s relevantes del sector en Europa, ratificando su condici\u00f3n de l\u00edder en la distribuci\u00f3n y comercializaci\u00f3n de alimentos y bebidas.<\/p>\n<p> En un entorno din\u00e1mico y vibrante, M\u00e9rica present\u00f3 su amplia gama de marcas y productos en Alimentaria 2024, el cual se fortaleci\u00f3 gracias a la din\u00e1mica luego de ser adquirida por la Organizaci\u00f3n Ardila L\u00fclle, uno de los conglomerados empresariales m\u00e1s relevantes de Am\u00e9rica Latina, al cual pertenecen compa\u00f1\u00edas altamente reconocidas como Postob\u00f3n.<\/p>\n<p> Durante el evento, M\u00e9rica comparti\u00f3 sus planes para el futuro, enfatizando en nuevos mercados como el de caf\u00e9, gracias a la adquisici\u00f3n de un establecimiento productivo en la Comunicad de Valencia, el cual ha sido denominado LuxCaf\u00e9 Espa\u00f1a, que permitir\u00e1 participar a nivel nacional e internacional en este mercado. Esta adquisici\u00f3n subraya el compromiso del Grupo Lux con el mercado espa\u00f1ol y su determinaci\u00f3n de ofrecer productos de alta calidad que satisfagan las demandas del consumidor europeo.<\/p>\n<p> El stand de M\u00e9rica en Alimentaria 2024 fue un punto de encuentro para clientes, proveedores e interesados. All\u00ed se llevaron a cabo reuniones y se presentaron las \u00faltimas novedades y productos de la compa\u00f1\u00eda, al tiempo que se ofrecieron degustaciones de caf\u00e9, pulpas de frutas y otras bebidas, que atrajeron a numerosos visitantes, generando un gran inter\u00e9s en el diversificado portafolio de M\u00e9rica.<\/p>\n<p> La participaci\u00f3n de M\u00e9rica en Alimentaria 2024 refuerza su posici\u00f3n como l\u00edder en la industria de alimentos y bebidas en Europa. Con su compromiso con la calidad y la autenticidad, M\u00e9rica contin\u00faa siendo una referencia en el sector, ofreciendo productos de origen con un valor agregado.<\/p>\n<p> Para obtener m\u00e1s informaci\u00f3n sobre M\u00e9rica y sus productos, se puede visitar el sitio web https:\/\/mericafoods.com<\/p>\n<p>\nContacto<\/p>\n<p>\nNombre contacto: Marketing<\/p>\n<p>\nDescripci\u00f3n contacto: M\u00e9rica<\/p>\n<p>\nTel\u00e9fono de contacto: 692269896<\/p>\n","protected":false},"excerpt":{"rendered":"<p>(Informaci\u00f3n remitida por la empresa firmante) B\u00e1rcelona, 26 de marzo M\u00e9rica, empresa del Grupo Lux, consolida su liderazgo en la industria de alimentos y bebidas tras su exitosa participaci\u00f3n en la Feria Alimentaria 2024 M\u00e9rica, empresa del Grupo Lux, culmin\u00f3 su participaci\u00f3n en la Feria Alimentaria 2024, uno de los eventos m\u00e1s relevantes del sector [&hellip;]<\/p>\n","protected":false},"author":1,"featured_media":0,"comment_status":"closed","ping_status":"closed","sticky":false,"template":"","format":"standard","meta":{"footnotes":""},"categories":[],"tags":[],"class_list":["post-51489","post","type-post","status-publish","format-standard","hentry"],"_links":{"self":[{"href":"https:\/\/webciudadana.net\/index.php?rest_route=\/wp\/v2\/posts\/51489","targetHints":{"allow":["GET"]}}],"collection":[{"href":"https:\/\/webciudadana.net\/index.php?rest_route=\/wp\/v2\/posts"}],"about":[{"href":"https:\/\/webciudadana.net\/index.php?rest_route=\/wp\/v2\/types\/post"}],"author":[{"embeddable":true,"href":"https:\/\/webciudadana.net\/index.php?rest_route=\/wp\/v2\/users\/1"}],"replies":[{"embeddable":true,"href":"https:\/\/webciudadana.net\/index.php?rest_route=%2Fwp%2Fv2%2Fcomments&post=51489"}],"version-history":[{"count":0,"href":"https:\/\/webciudadana.net\/index.php?rest_route=\/wp\/v2\/posts\/51489\/revisions"}],"wp:attachment":[{"href":"https:\/\/webciudadana.net\/index.php?rest_route=%2Fwp%2Fv2%2Fmedia&parent=51489"}],"wp:term":[{"taxonomy":"category","embeddable":true,"href":"https:\/\/webciudadana.net\/index.php?rest_route=%2Fwp%2Fv2%2Fcategories&post=51489"},{"taxonomy":"post_tag","embeddable":true,"href":"https:\/\/webciudadana.net\/index.php?rest_route=%2Fwp%2Fv2%2Ftags&post=51489"}],"curies":[{"name":"wp","href":"https:\/\/api.w.org\/{rel}","templated":true}]}}