{"id":51495,"date":"2024-03-26T10:49:29","date_gmt":"2024-03-26T09:49:29","guid":{"rendered":"https:\/\/ticker-noticiasep.microcontenidos.com\/NoticiaRSS.vbhtml?user=XRNR562DLR&amp;cod=20240326104929"},"modified":"2024-03-26T10:49:29","modified_gmt":"2024-03-26T09:49:29","slug":"escolares-de-alcala-sevilla-participan-en-una-jornada-de-concienciacion-medioambiental-en-la-fabrica-cementos-portland","status":"publish","type":"post","link":"https:\/\/webciudadana.net\/?p=51495","title":{"rendered":"Escolares de Alcal\u00e1 (Sevilla) participan en una jornada de concienciaci\u00f3n medioambiental en la f\u00e1brica Cementos Portland"},"content":{"rendered":"\n<div><img decoding=\"async\" src=\"\/wp-content\/uploads\/sites\/2\/2024\/03\/escolares-de-alcala-sevilla-participan-en-una-jornada-de-concienciacion-medioambiental-en-la-fabrica-cementos-portland.jpg\" class=\"ff-og-image-inserted\"><\/div>\n<p> ALCAL\u00c1 DE GUADA\u00cdRA (SEVILLA), 26 (EUROPA PRESS)<\/p>\n<p> Un total de 15 alumnos del CEIP \u00c1ngeles Mart\u00edn Mateo de Alcal\u00e1 de Guada\u00edra han participado en una jornada de concienciaci\u00f3n medioambiental organizada por la f\u00e1brica sevillana de Cementos Portland Valderrivas, en colaboraci\u00f3n con la Fundaci\u00f3n Laboral Andaluza del Cemento y el Medio Ambiente (Flacema).<\/p>\n<p> Los estudiantes han podido conocer de cerca las acciones que lleva a cabo el sector cementero para realizar su actividad de forma respetuosa con el entorno acompa\u00f1ados por Pedro Lanagr\u00e1n, jefe de Medio Ambiente de la f\u00e1brica de Cementos Portland Valderrivas en Alcal\u00e1 de Guada\u00edra, y Francisco Cueto, representante de Flacema, as\u00ed como por los delegados de Medio Ambiente de la planta sevillana, seg\u00fan ha informado la compa\u00f1\u00eda en un nota de prensa.<\/p>\n<p> Durante el encuentro, Cueto ha impartido una charla sobre el compromiso del sector cementero con el desarrollo sostenible y la econom\u00eda circular, mientras que el jefe de Medio Ambiente de Cementos Portland Valderrivas ha mostrado a los alumnos las pol\u00edticas de desarrollo sostenible y RSC en la f\u00e1brica.<\/p>\n<p> Los j\u00f3venes, que han tenido la oportunidad de visitar las instalaciones de la planta, tambi\u00e9n han disfrutado de un desayuno ecol\u00f3gico y han participado en un scape room dirigido por Ecom\u00edmesis, empresa colaboradora de Flacema, donde han aprendido m\u00e1s sobre econom\u00eda circular dom\u00e9stica y reciclaje, seg\u00fan informa la cementera.<\/p>\n<p> Esta iniciativa forma parte del objetivo de Cementos Portland Valderrivas de contribuir a la educaci\u00f3n de los j\u00f3venes alcalare\u00f1os a trav\u00e9s de la colaboraci\u00f3n con diferentes centros de ense\u00f1anza primaria y secundaria, as\u00ed como a trav\u00e9s de la FP Dual, con la que se pretende formar a los j\u00f3venes de la localidad sevillana imprimiendo valores vinculados a la eficiencia energ\u00e9tica, la transici\u00f3n ecol\u00f3gica o la sostenibilidad industrial.<\/p>\n","protected":false},"excerpt":{"rendered":"<p>ALCAL\u00c1 DE GUADA\u00cdRA (SEVILLA), 26 (EUROPA PRESS) Un total de 15 alumnos del CEIP \u00c1ngeles Mart\u00edn Mateo de Alcal\u00e1 de Guada\u00edra han participado en una jornada de concienciaci\u00f3n medioambiental organizada por la f\u00e1brica sevillana de Cementos Portland Valderrivas, en colaboraci\u00f3n con la Fundaci\u00f3n Laboral Andaluza del Cemento y el Medio Ambiente (Flacema). Los estudiantes han [&hellip;]<\/p>\n","protected":false},"author":1,"featured_media":0,"comment_status":"closed","ping_status":"closed","sticky":false,"template":"","format":"standard","meta":{"footnotes":""},"categories":[],"tags":[],"class_list":["post-51495","post","type-post","status-publish","format-standard","hentry"],"_links":{"self":[{"href":"https:\/\/webciudadana.net\/index.php?rest_route=\/wp\/v2\/posts\/51495","targetHints":{"allow":["GET"]}}],"collection":[{"href":"https:\/\/webciudadana.net\/index.php?rest_route=\/wp\/v2\/posts"}],"about":[{"href":"https:\/\/webciudadana.net\/index.php?rest_route=\/wp\/v2\/types\/post"}],"author":[{"embeddable":true,"href":"https:\/\/webciudadana.net\/index.php?rest_route=\/wp\/v2\/users\/1"}],"replies":[{"embeddable":true,"href":"https:\/\/webciudadana.net\/index.php?rest_route=%2Fwp%2Fv2%2Fcomments&post=51495"}],"version-history":[{"count":0,"href":"https:\/\/webciudadana.net\/index.php?rest_route=\/wp\/v2\/posts\/51495\/revisions"}],"wp:attachment":[{"href":"https:\/\/webciudadana.net\/index.php?rest_route=%2Fwp%2Fv2%2Fmedia&parent=51495"}],"wp:term":[{"taxonomy":"category","embeddable":true,"href":"https:\/\/webciudadana.net\/index.php?rest_route=%2Fwp%2Fv2%2Fcategories&post=51495"},{"taxonomy":"post_tag","embeddable":true,"href":"https:\/\/webciudadana.net\/index.php?rest_route=%2Fwp%2Fv2%2Ftags&post=51495"}],"curies":[{"name":"wp","href":"https:\/\/api.w.org\/{rel}","templated":true}]}}