{"id":51503,"date":"2024-03-26T13:03:57","date_gmt":"2024-03-26T12:03:57","guid":{"rendered":"https:\/\/ticker-noticiasep.microcontenidos.com\/NoticiaRSS.vbhtml?user=XRNR562DLR&amp;cod=20240326130357"},"modified":"2024-03-26T13:03:57","modified_gmt":"2024-03-26T12:03:57","slug":"fundacion-once-apoyo-a-casi-un-millar-de-entidades-sociales-relacionadas-con-la-discapacidad-en-2023","status":"publish","type":"post","link":"https:\/\/webciudadana.net\/?p=51503","title":{"rendered":"Fundaci\u00f3n ONCE apoy\u00f3 a casi un millar de entidades sociales relacionadas con la discapacidad en 2023"},"content":{"rendered":"\n<div><img decoding=\"async\" src=\"\/wp-content\/uploads\/sites\/2\/2024\/03\/fundacion-once-apoyo-a-casi-un-millar-de-entidades-sociales-relacionadas-con-la-discapacidad-en-2023.jpg\" class=\"ff-og-image-inserted\"><\/div>\n<p> MADRID, 26 (EUROPA PRESS)<\/p>\n<p> Fundaci\u00f3n ONCE ha apoyado a un total de 967 asociaciones de personas con discapacidad en 2023 mediante distintas convocatorias que lanz\u00f3 a lo largo del a\u00f1o con el objetivo de fortalecer y promover el tejido de entidades sociales, cuyo fin es la mejora de la calidad de vida de las personas con discapacidad.<\/p>\n<p> De esta forma, las casi 1.000 organizaciones de personas con discapacidad que contaron con el apoyo de Fundaci\u00f3n ONCE pudieron poner en marcha 1.290 proyectos que se centran en el empleo, la formaci\u00f3n y la eliminaci\u00f3n de barreras arquitect\u00f3nicas y sociales. En total, se presentaron 1.673 proyectos, seg\u00fan indica la entidad.<\/p>\n<p> El director general de Fundaci\u00f3n ONCE, Jos\u00e9 Luis Mart\u00ednez Donoso, declara que para construir una sociedad m\u00e1s justa y solidaria \u00abes necesario tener un tejido social fuerte en el que las propias personas con discapacidad sean protagonistas y part\u00edcipes de sus proyectos de vida a trav\u00e9s del movimiento asociativo organizado\u00bb.<\/p>\n<p> Por este motivo, explica Mart\u00ednez, \u00abdesde el nacimiento de Fundaci\u00f3n ONCE, y por lo tanto del propio Grupo Social ONCE, trabajamos por el fortalecimiento de dichas organizaciones y desarrollamos programas e iniciativas que tratan de mejorar la calidad de vida de las personas con discapacidad\u00bb.<\/p>\n<p> La Fundaci\u00f3n ONCE recuerda que a lo largo del a\u00f1o las organizaciones que lo deseen pueden presentar sus iniciativas tanto a la convocatoria general de ayudas como a las convocatorias &#8216;Uno a Uno&#8217; y &#8216;Psicosocial&#8217; en el marco de los Programas Estatales FSE+ de Empleo Juvenil 2021-2027 y de Inclusi\u00f3n Social 2021-2027 cofinanciados por el Fondo Social Europeo.<\/p>\n","protected":false},"excerpt":{"rendered":"<p>MADRID, 26 (EUROPA PRESS) Fundaci\u00f3n ONCE ha apoyado a un total de 967 asociaciones de personas con discapacidad en 2023 mediante distintas convocatorias que lanz\u00f3 a lo largo del a\u00f1o con el objetivo de fortalecer y promover el tejido de entidades sociales, cuyo fin es la mejora de la calidad de vida de las personas [&hellip;]<\/p>\n","protected":false},"author":1,"featured_media":0,"comment_status":"closed","ping_status":"closed","sticky":false,"template":"","format":"standard","meta":{"footnotes":""},"categories":[],"tags":[],"class_list":["post-51503","post","type-post","status-publish","format-standard","hentry"],"_links":{"self":[{"href":"https:\/\/webciudadana.net\/index.php?rest_route=\/wp\/v2\/posts\/51503","targetHints":{"allow":["GET"]}}],"collection":[{"href":"https:\/\/webciudadana.net\/index.php?rest_route=\/wp\/v2\/posts"}],"about":[{"href":"https:\/\/webciudadana.net\/index.php?rest_route=\/wp\/v2\/types\/post"}],"author":[{"embeddable":true,"href":"https:\/\/webciudadana.net\/index.php?rest_route=\/wp\/v2\/users\/1"}],"replies":[{"embeddable":true,"href":"https:\/\/webciudadana.net\/index.php?rest_route=%2Fwp%2Fv2%2Fcomments&post=51503"}],"version-history":[{"count":0,"href":"https:\/\/webciudadana.net\/index.php?rest_route=\/wp\/v2\/posts\/51503\/revisions"}],"wp:attachment":[{"href":"https:\/\/webciudadana.net\/index.php?rest_route=%2Fwp%2Fv2%2Fmedia&parent=51503"}],"wp:term":[{"taxonomy":"category","embeddable":true,"href":"https:\/\/webciudadana.net\/index.php?rest_route=%2Fwp%2Fv2%2Fcategories&post=51503"},{"taxonomy":"post_tag","embeddable":true,"href":"https:\/\/webciudadana.net\/index.php?rest_route=%2Fwp%2Fv2%2Ftags&post=51503"}],"curies":[{"name":"wp","href":"https:\/\/api.w.org\/{rel}","templated":true}]}}