{"id":51516,"date":"2024-03-26T16:17:02","date_gmt":"2024-03-26T15:17:02","guid":{"rendered":"https:\/\/ticker-noticiasep.microcontenidos.com\/NoticiaRSS.vbhtml?user=XRNR562DLR&amp;cod=20240326161702"},"modified":"2024-03-26T16:17:02","modified_gmt":"2024-03-26T15:17:02","slug":"fundacion-orange-y-la-estrella-azul-presentan-un-libro-para-sensibilizar-al-publico-infantil-sobre-el-autismo","status":"publish","type":"post","link":"https:\/\/webciudadana.net\/?p=51516","title":{"rendered":"Fundaci\u00f3n Orange y la Estrella Azul presentan un libro para sensibilizar al p\u00fablico infantil sobre el autismo"},"content":{"rendered":"\n<div><img decoding=\"async\" src=\"\/wp-content\/uploads\/sites\/2\/2024\/03\/fundacion-orange-y-la-estrella-azul-presentan-un-libro-para-sensibilizar-al-publico-infantil-sobre-el-autismo.jpg\" class=\"ff-og-image-inserted\"><\/div>\n<p> MADRID, 26 (EUROPA PRESS)<\/p>\n<p> La Estrella Azul, sello editorial de Autismo \u00c1vila, y la Fundaci\u00f3n Orange han presentado &#8216;\u00a1Ni\u00f1a nueva en el parque!&#8217;, una lectura infantil que busca acercar \u00abde manera sencilla y cercana\u00bb al autismo a la sociedad y, en especial, a los m\u00e1s peque\u00f1os.<\/p>\n<p> En sus 32 p\u00e1ginas, escritas por la autora y experta en literatura infantil y juvenil, Cristina Leyva, e ilustradas por Roc\u00edo Mart\u00ednez, el libro narra la historia de amistad entre dos ni\u00f1os, Perico y Violeta.<\/p>\n<p> Perico, como ha detallado Fundaci\u00f3n Orange, \u00abansioso por hacer nuevos amigos, encuentra en Violeta una posible compa\u00f1era de juegos en el parque\u00bb. Sin embargo, descubre que, \u00abpara construir esa amistad, debe aprender a apreciar y entender las diferencias que hacen \u00fanica a cada persona\u00bb y, en concreto, a Violeta, que es una ni\u00f1a autista.<\/p>\n<p> Con el objetivo de hacer m\u00e1s atractiva la historia, la obra a\u00fana narrativa e im\u00e1genes que se combinan para ofrecer \u00abuna experiencia educativa y emotiva\u00bb al mismo tiempo que se fomentan \u00abla comprensi\u00f3n y la aceptaci\u00f3n del autismo y la neurodiversidad desde edades tempranas\u00bb.<\/p>\n<p> Asimismo, adem\u00e1s de entretener a trav\u00e9s de unas \u00abdivertidas ilustraciones infantiles\u00bb, el libro pretende transmitir \u00abvalores esenciales en la convivencia\u00bb, como el respeto, la tolerancia o la empat\u00eda, \u00abtodos ellos claves para construir un mundo m\u00e1s inclusivo y donde la diversidad sea valorada desde la infancia\u00bb.<\/p>\n<p> &#8216;\u00a1Ni\u00f1a Nueva en el Parque!&#8217; est\u00e1 disponible en formato de tapa dura en castellano, catal\u00e1n, euskera, gallego y asturiano, y se puede adquirir en diferentes plataformas.<\/p>\n","protected":false},"excerpt":{"rendered":"<p>MADRID, 26 (EUROPA PRESS) La Estrella Azul, sello editorial de Autismo \u00c1vila, y la Fundaci\u00f3n Orange han presentado &#8216;\u00a1Ni\u00f1a nueva en el parque!&#8217;, una lectura infantil que busca acercar \u00abde manera sencilla y cercana\u00bb al autismo a la sociedad y, en especial, a los m\u00e1s peque\u00f1os. En sus 32 p\u00e1ginas, escritas por la autora y [&hellip;]<\/p>\n","protected":false},"author":1,"featured_media":0,"comment_status":"closed","ping_status":"closed","sticky":false,"template":"","format":"standard","meta":{"footnotes":""},"categories":[],"tags":[],"class_list":["post-51516","post","type-post","status-publish","format-standard","hentry"],"_links":{"self":[{"href":"https:\/\/webciudadana.net\/index.php?rest_route=\/wp\/v2\/posts\/51516","targetHints":{"allow":["GET"]}}],"collection":[{"href":"https:\/\/webciudadana.net\/index.php?rest_route=\/wp\/v2\/posts"}],"about":[{"href":"https:\/\/webciudadana.net\/index.php?rest_route=\/wp\/v2\/types\/post"}],"author":[{"embeddable":true,"href":"https:\/\/webciudadana.net\/index.php?rest_route=\/wp\/v2\/users\/1"}],"replies":[{"embeddable":true,"href":"https:\/\/webciudadana.net\/index.php?rest_route=%2Fwp%2Fv2%2Fcomments&post=51516"}],"version-history":[{"count":0,"href":"https:\/\/webciudadana.net\/index.php?rest_route=\/wp\/v2\/posts\/51516\/revisions"}],"wp:attachment":[{"href":"https:\/\/webciudadana.net\/index.php?rest_route=%2Fwp%2Fv2%2Fmedia&parent=51516"}],"wp:term":[{"taxonomy":"category","embeddable":true,"href":"https:\/\/webciudadana.net\/index.php?rest_route=%2Fwp%2Fv2%2Fcategories&post=51516"},{"taxonomy":"post_tag","embeddable":true,"href":"https:\/\/webciudadana.net\/index.php?rest_route=%2Fwp%2Fv2%2Ftags&post=51516"}],"curies":[{"name":"wp","href":"https:\/\/api.w.org\/{rel}","templated":true}]}}