{"id":51519,"date":"2024-03-26T17:11:49","date_gmt":"2024-03-26T16:11:49","guid":{"rendered":"https:\/\/ticker-noticiasep.microcontenidos.com\/NoticiaRSS.vbhtml?user=XRNR562DLR&amp;cod=20240326171149"},"modified":"2024-03-26T17:11:49","modified_gmt":"2024-03-26T16:11:49","slug":"maluma-encabeza-el-espectacular-cartel-del-cook-music-fest-2024-en-tenerife","status":"publish","type":"post","link":"https:\/\/webciudadana.net\/?p=51519","title":{"rendered":"Maluma encabeza el espectacular cartel del Cook Music Fest 2024 en Tenerife"},"content":{"rendered":"\n<div><img decoding=\"async\" src=\"\/wp-content\/uploads\/sites\/2\/2024\/03\/maluma-encabeza-el-espectacular-cartel-del-cook-music-fest-2024-en-tenerife.jpg\" class=\"ff-og-image-inserted\"><\/div>\n<p>(Informaci\u00f3n remitida por la empresa firmante)<\/p>\n<p>\nSanta Cruz de Tenerife, 26 de marzo<\/p>\n<p>\nEl festival anuncia un fin de semana lleno de estrellas, gastronom\u00eda y entretenimiento en Santa Cruz de Tenerife<\/p>\n<p>\nEste 19 y 20 de julio, el Puerto de Santa Cruz de Tenerife se transformar\u00e1 en el epicentro de la m\u00fasica y la gastronom\u00eda con la celebraci\u00f3n del Cook Music Fest, uno de los festivales m\u00e1s esperados del verano. Este evento contar\u00e1 con la presencia estelar de Maluma, consagrado \u00eddolo global de la m\u00fasica latina, quien ostenta la posici\u00f3n de cabeza de cartel y promete elevar la emoci\u00f3n desde el inicio.<\/p>\n<p> La inauguraci\u00f3n del festival ser\u00e1 una muestra de talento extraordinario, destacando actuaciones de artistas renombrados como Aitana, cuyo estilo pop ha trascendido fronteras; Ryan Castro, conocido por sus ritmos urbanos que capturan la esencia de la calle; y Lia Kali, una voz emergente que ya marca su huella en el panorama musical. Este conjunto de artistas asegura una jornada inaugural vibrante y llena de pasi\u00f3n.<\/p>\n<p> El segundo d\u00eda del evento mantiene las expectativas altas con la participaci\u00f3n de Victor Manuelle, maestro de la salsa, quien se suma a un cartel ya legendario, con Gilberto Santa Rosa, Elvis Crespo, Jerry Rivera y Olga Ta\u00f1\u00f3n. Este d\u00eda se anticipa como un homenaje a la riqueza y diversidad de la m\u00fasica latina, ofreciendo ritmos que abarcan desde la salsa hasta el merengue, junto con baladas que han conmovido a millones de personas.<\/p>\n<p> El Cook Music Fest trasciende la experiencia musical para convertirse en una verdadera celebraci\u00f3n cultural, presentando una amplia zona gastron\u00f3mica que deleitar\u00e1 a los asistentes, junto con atracciones como una noria gigante y diversas \u00e1reas de ocio que garantizan una experiencia integral y memorable.<\/p>\n<p> Con Maluma liderando el cartel, el Cook Music Fest se establece como uno de los eventos m\u00e1s emblem\u00e1ticos y anticipados del verano en Tenerife, fusionando lo mejor de la m\u00fasica con una oferta gastron\u00f3mica y de entretenimiento excepcional.<\/p>\n<p> Las entradas ya est\u00e1n disponibles para la venta, anticip\u00e1ndose una alta demanda. Para obtener m\u00e1s informaci\u00f3n y asegurar la asistencia a este evento, se invita a*visitar*Cook Music Fest y adquirir las entradas.<\/p>\n<p> Este festival cuenta con el apoyo de colaboradores importantes, incluyendo el Gobierno de Canarias, Turismo de Tenerife, Islas Canarias Latitud de Vida y el Ministerio de Industria y Turismo, uniendo esfuerzos para promover la cultura, el turismo y la m\u00fasica en un evento sin precedentes.<\/p>\n<p> Contacto<\/p>\n<p>\nNombre contacto: Mar\u00eda Jes\u00fas Le\u00f3n Ledesma<\/p>\n<p>\nDescripci\u00f3n contacto: Departamento de comunicaci\u00f3n<\/p>\n<p>\nTel\u00e9fono de contacto: 690864842<\/p>\n","protected":false},"excerpt":{"rendered":"<p>(Informaci\u00f3n remitida por la empresa firmante) Santa Cruz de Tenerife, 26 de marzo El festival anuncia un fin de semana lleno de estrellas, gastronom\u00eda y entretenimiento en Santa Cruz de Tenerife Este 19 y 20 de julio, el Puerto de Santa Cruz de Tenerife se transformar\u00e1 en el epicentro de la m\u00fasica y la gastronom\u00eda [&hellip;]<\/p>\n","protected":false},"author":1,"featured_media":0,"comment_status":"closed","ping_status":"closed","sticky":false,"template":"","format":"standard","meta":{"footnotes":""},"categories":[],"tags":[],"class_list":["post-51519","post","type-post","status-publish","format-standard","hentry"],"_links":{"self":[{"href":"https:\/\/webciudadana.net\/index.php?rest_route=\/wp\/v2\/posts\/51519","targetHints":{"allow":["GET"]}}],"collection":[{"href":"https:\/\/webciudadana.net\/index.php?rest_route=\/wp\/v2\/posts"}],"about":[{"href":"https:\/\/webciudadana.net\/index.php?rest_route=\/wp\/v2\/types\/post"}],"author":[{"embeddable":true,"href":"https:\/\/webciudadana.net\/index.php?rest_route=\/wp\/v2\/users\/1"}],"replies":[{"embeddable":true,"href":"https:\/\/webciudadana.net\/index.php?rest_route=%2Fwp%2Fv2%2Fcomments&post=51519"}],"version-history":[{"count":0,"href":"https:\/\/webciudadana.net\/index.php?rest_route=\/wp\/v2\/posts\/51519\/revisions"}],"wp:attachment":[{"href":"https:\/\/webciudadana.net\/index.php?rest_route=%2Fwp%2Fv2%2Fmedia&parent=51519"}],"wp:term":[{"taxonomy":"category","embeddable":true,"href":"https:\/\/webciudadana.net\/index.php?rest_route=%2Fwp%2Fv2%2Fcategories&post=51519"},{"taxonomy":"post_tag","embeddable":true,"href":"https:\/\/webciudadana.net\/index.php?rest_route=%2Fwp%2Fv2%2Ftags&post=51519"}],"curies":[{"name":"wp","href":"https:\/\/api.w.org\/{rel}","templated":true}]}}