{"id":51521,"date":"2024-03-26T17:20:54","date_gmt":"2024-03-26T16:20:54","guid":{"rendered":"https:\/\/ticker-noticiasep.microcontenidos.com\/NoticiaRSS.vbhtml?user=XRNR562DLR&amp;cod=20240326172054"},"modified":"2024-03-26T17:20:54","modified_gmt":"2024-03-26T16:20:54","slug":"naturgy-reconocida-por-su-accion-frente-al-cambio-climatico-y-la-gestion-del-agua-por-cdp","status":"publish","type":"post","link":"https:\/\/webciudadana.net\/?p=51521","title":{"rendered":"Naturgy, reconocida por su acci\u00f3n frente al cambio clim\u00e1tico y la gesti\u00f3n del agua por CDP"},"content":{"rendered":"\n<div><img decoding=\"async\" src=\"\/wp-content\/uploads\/sites\/2\/2024\/03\/naturgy-reconocida-por-su-accion-frente-al-cambio-climatico-y-la-gestion-del-agua-por-cdp.jpg\" class=\"ff-og-image-inserted\"><\/div>\n<p> MADRID, 26 (EUROPA PRESS)<\/p>\n<p> Naturgy ha sido reconocida por decimotercer a\u00f1o consecutivo entre el grupo de l\u00edderes mundiales por su acci\u00f3n en la lucha contra el cambio clim\u00e1tico y su gesti\u00f3n responsable del agua, seg\u00fan el prestigioso \u00edndice Carbon Disclosure Project (CDP), una organizaci\u00f3n sin \u00e1nimo de lucro que eval\u00faa anualmente la acci\u00f3n clim\u00e1tica y la gesti\u00f3n de recursos h\u00eddricos, entre otras cuestiones, de las principales compa\u00f1\u00edas y gobiernos a nivel mundial, inform\u00f3 la empresa.<\/p>\n<p> La energ\u00e9tica presidida por Francisco Reyn\u00e9s forma parte de este \u00edndice desde 2010 y un a\u00f1o m\u00e1s su puntuaci\u00f3n le ha colocado entre el grupo de l\u00edderes mundiales por su acci\u00f3n en favor del clima, al obtener una calificaci\u00f3n de &#8216;A-&#8216;.<\/p>\n<p> La compa\u00f1\u00eda indic\u00f3 que entre los an\u00e1lisis para la obtenci\u00f3n de esta distinci\u00f3n ha destacado la puntuaci\u00f3n obtenida en aspectos como estrategia, iniciativas de reducci\u00f3n de emisiones y gesti\u00f3n de riesgos clim\u00e1ticos.<\/p>\n<p> Adem\u00e1s, ha sido reconocida con el mismo nivel de liderazgo por la gesti\u00f3n que la empresa realiza de los recursos h\u00eddricos, una puntuaci\u00f3n por encima de la media del sector y de sus comparables a nivel europeo.<\/p>\n<p> Naturgy se\u00f1al\u00f3 que este reconocimiento en la banda de liderazgo del \u00edndice en clima y agua \u00abes reflejo de su compromiso con la sostenibilidad\u00bb.<\/p>\n<p> A este respecto, la directora de Medioambiente y Responsabilidad Social de la energ\u00e9tica, Nuria Rodr\u00edguez, consider\u00f3 que este reconocimiento avala las actuaciones que la empresa est\u00e1 llevando a cabo \u00abpara ser un actor clave en la transici\u00f3n energ\u00e9tica\u00bb.<\/p>\n<p> \u00abAs\u00ed, hemos adoptado medidas urgentes para combatir el cambio clim\u00e1tico y sus efectos, prueba de ello es que durante el pasado a\u00f1o redujimos nuestra huella de carbono total en un 30% respecto a 2017\u00bb, dijo.<\/p>\n<p> Desde ese a\u00f1o, Naturgy ha reducido un 39% sus emisiones directas de gases de efecto invernadero, un 36% la intensidad de CO2 en generaci\u00f3n de electricidad y un 39% el consumo de agua.<\/p>\n<p> Adem\u00e1s, en 2023, el 37% de la potencia instalada por el grupo, que actualmente suma 6,5 gigavatios (GW) de potencia operativa &#8216;verde&#8217;, era renovable.<\/p>\n<p> Mientras, en la lucha contra el cambio clim\u00e1tico, apuesta por la restauraci\u00f3n del capital natural y la biodiversidad a trav\u00e9s de m\u00faltiples iniciativas, todas ellas alineadas con la prevenci\u00f3n, reducci\u00f3n y compensaci\u00f3n de sus impactos para avanzar en el compromiso de no p\u00e9rdida neta de biodiversidad y la potenciaci\u00f3n del valor de los entornos naturales.<\/p>\n","protected":false},"excerpt":{"rendered":"<p>MADRID, 26 (EUROPA PRESS) Naturgy ha sido reconocida por decimotercer a\u00f1o consecutivo entre el grupo de l\u00edderes mundiales por su acci\u00f3n en la lucha contra el cambio clim\u00e1tico y su gesti\u00f3n responsable del agua, seg\u00fan el prestigioso \u00edndice Carbon Disclosure Project (CDP), una organizaci\u00f3n sin \u00e1nimo de lucro que eval\u00faa anualmente la acci\u00f3n clim\u00e1tica y [&hellip;]<\/p>\n","protected":false},"author":1,"featured_media":0,"comment_status":"closed","ping_status":"closed","sticky":false,"template":"","format":"standard","meta":{"footnotes":""},"categories":[],"tags":[],"class_list":["post-51521","post","type-post","status-publish","format-standard","hentry"],"_links":{"self":[{"href":"https:\/\/webciudadana.net\/index.php?rest_route=\/wp\/v2\/posts\/51521","targetHints":{"allow":["GET"]}}],"collection":[{"href":"https:\/\/webciudadana.net\/index.php?rest_route=\/wp\/v2\/posts"}],"about":[{"href":"https:\/\/webciudadana.net\/index.php?rest_route=\/wp\/v2\/types\/post"}],"author":[{"embeddable":true,"href":"https:\/\/webciudadana.net\/index.php?rest_route=\/wp\/v2\/users\/1"}],"replies":[{"embeddable":true,"href":"https:\/\/webciudadana.net\/index.php?rest_route=%2Fwp%2Fv2%2Fcomments&post=51521"}],"version-history":[{"count":0,"href":"https:\/\/webciudadana.net\/index.php?rest_route=\/wp\/v2\/posts\/51521\/revisions"}],"wp:attachment":[{"href":"https:\/\/webciudadana.net\/index.php?rest_route=%2Fwp%2Fv2%2Fmedia&parent=51521"}],"wp:term":[{"taxonomy":"category","embeddable":true,"href":"https:\/\/webciudadana.net\/index.php?rest_route=%2Fwp%2Fv2%2Fcategories&post=51521"},{"taxonomy":"post_tag","embeddable":true,"href":"https:\/\/webciudadana.net\/index.php?rest_route=%2Fwp%2Fv2%2Ftags&post=51521"}],"curies":[{"name":"wp","href":"https:\/\/api.w.org\/{rel}","templated":true}]}}