{"id":51523,"date":"2024-03-26T18:25:59","date_gmt":"2024-03-26T17:25:59","guid":{"rendered":"https:\/\/ticker-noticiasep.microcontenidos.com\/NoticiaRSS.vbhtml?user=XRNR562DLR&amp;cod=20240326182559"},"modified":"2024-03-26T18:25:59","modified_gmt":"2024-03-26T17:25:59","slug":"repara-tu-deuda-abogados-cancela-19-000-e-en-palma-de-mallorca-baleares-con-la-ley-de-segunda-oportunidad","status":"publish","type":"post","link":"https:\/\/webciudadana.net\/?p=51523","title":{"rendered":"Repara tu Deuda Abogados cancela 19.000 \u20ac en Palma de Mallorca (Baleares) con la Ley de Segunda Oportunidad"},"content":{"rendered":"\n<div><img decoding=\"async\" src=\"\/wp-content\/uploads\/sites\/2\/2024\/03\/repara-tu-deuda-abogados-cancela-19-000-e-en-palma-de-mallorca-baleares-con-la-ley-de-segunda-oportunidad.jpg\" class=\"ff-og-image-inserted\"><\/div>\n<p>(Informaci\u00f3n remitida por la empresa firmante)<\/p>\n<p>\nPalma de Mallorca, 26 de marzo<\/p>\n<p>\nSu pareja fue despedida del trabajo y \u00e9l sufri\u00f3 un ERTE por culpa del COVID-19<\/p>\n<p>\nRepara tu Deuda Abogados, despacho de*abogados*l\u00edder en Espa\u00f1a en la tramitaci\u00f3n de*la Ley de Segunda Oportunidad, ha logrado una*cancelaci\u00f3n de deuda*en Palma de Mallorca (Baleares). Mediante la gesti\u00f3n de*Repara tu Deuda*Abogados, el Juzgado de lo Mercantil n\u00ba4 de Palma de Mallorca (Baleares) ha dictado el Beneficio de Exoneraci\u00f3n del Pasivo Insatisfecho (BEPI) en el caso de un hombre con una deuda de 19.000 euros a la que no pod\u00eda hacer frente.*VER SENTENCIA<\/p>\n<p>\nComo explican los abogados de Repara tu Deuda, su caso es el siguiente: \u00absu estado de insolvencia se origin\u00f3 a ra\u00edz de que solicitase los primeros pr\u00e9stamos para adecuar su vivienda y adquirir el mobiliario. Inicialmente, pod\u00eda hacer frente a las cuotas de dichos pr\u00e9stamos y a los gastos b\u00e1sicos de la unidad familiar gracias a los ingresos propios y a los de su pareja. Posteriormente, la pareja del deudor fue despedida de su trabajo y empezaron a tener*problemas de liquidez, por lo que se vio en la obligaci\u00f3n de utilizar tarjetas de cr\u00e9dito para cubrir la totalidad de los gastos. Con la pandemia del COVID-19, el deudor sufri\u00f3 un ERTE y dej\u00f3 de abonar las cuotas de los cr\u00e9ditos y de las tarjetas de cr\u00e9dito\u00bb.<\/p>\n<p> Tal como se\u00f1alan desde*Repara tu Deuda Abogados, \u00abEspa\u00f1a fue uno de los pa\u00edses de la Uni\u00f3n Europea que m\u00e1s dilat\u00f3 la incorporaci\u00f3n a su sistema jur\u00eddico de la*Ley de Segunda Oportunidad. Lo hizo en 2015, siguiendo la Recomendaci\u00f3n de la Comisi\u00f3n Europea de poner en marcha un mecanismo para la cancelaci\u00f3n de la deuda de personas f\u00edsicas (incluyendo a los aut\u00f3nomos). Se trata de una legislaci\u00f3n cuyo origen hay que situarlo en Estados Unidos, pa\u00eds en el que est\u00e1 vigente desde hace m\u00e1s de 100 a\u00f1os. A ella se han acogido figuras relevantes como Walt Disney o Steve Jobs. Su esp\u00edritu es el de ofrecer una segunda oportunidad a personas que han ca\u00eddo en una situaci\u00f3n de sobreendeudamiento para que no tengan que vivir ahogados por pagos que no podr\u00e1n asumir\u00bb.<\/p>\n<p> Repara tu Deuda*inici\u00f3 su actividad como gabinete jur\u00eddico en septiembre del a\u00f1o 2015. Desde entonces hasta la actualidad ha logrado superar la cifra de 200 millones de euros exonerados a personas que proceden de las diferentes comunidades aut\u00f3nomas de Espa\u00f1a.*Se prev\u00e9 que esta cantidad contin\u00fae increment\u00e1ndose en las pr\u00f3ximas fechas debido al alto n\u00famero de expedientes cuya tramitaci\u00f3n ya est\u00e1 en marcha.<\/p>\n<p> El despacho de*abogados*cuenta con m\u00e1s de 23.000 clientes, procedentes de todos los puntos de Espa\u00f1a, que han puesto su caso en manos de los pioneros en la aplicaci\u00f3n de esta legislaci\u00f3n. La previsi\u00f3n es que esta cifra siga aumentando a medida que esta*ley sea m\u00e1s conocida y, tambi\u00e9n, como consecuencia de la situaci\u00f3n econ\u00f3mica actual.*<\/p>\n<p>\nLos abogados*de*Repara tu Deuda*se adaptan a cada caso seg\u00fan la capacidad econ\u00f3mica de sus clientes, con la idea de no dejar a nadie sin una*segunda oportunidad*para empezar de nuevo con m\u00e1s fuerza.<\/p>\n<p> Esta legislaci\u00f3n permite la exoneraci\u00f3n de la deuda de particulares y aut\u00f3nomos siempre que cumplan una serie de requisitos b\u00e1sicos. En l\u00edneas generales, basta con que el concursado act\u00fae de buena fe, no haya sido condenado por delitos socioecon\u00f3micos en los diez \u00faltimos a\u00f1os y se encuentre en un estado actual o inminente de insolvencia.*<\/p>\n<p>\nEl despacho tambi\u00e9n puede alternativamente analizar los contratos firmados con bancos y entidades financieras. En este sentido, el objetivo es comprobar si existen cl\u00e1usulas abusivas para la cancelaci\u00f3n de tarjetas de cr\u00e9dito, tarjetas revolving, minicr\u00e9ditos, pr\u00e9stamos e hipotecas y poder reclamar a Cofidis, Moneyman, WiZink, Carrefour, Vivus, Banco Santander, CaixaBank, BBVA, Banco Sabadell, myKredit, Kviku, etc.<\/p>\n<p> Contacto<\/p>\n<p>\nNombre contacto: David Guerrero<\/p>\n<p>\nDescripci\u00f3n contacto: Responsable de Prensa<\/p>\n<p>\nTel\u00e9fono de contacto: 655956735<\/p>\n","protected":false},"excerpt":{"rendered":"<p>(Informaci\u00f3n remitida por la empresa firmante) Palma de Mallorca, 26 de marzo Su pareja fue despedida del trabajo y \u00e9l sufri\u00f3 un ERTE por culpa del COVID-19 Repara tu Deuda Abogados, despacho de*abogados*l\u00edder en Espa\u00f1a en la tramitaci\u00f3n de*la Ley de Segunda Oportunidad, ha logrado una*cancelaci\u00f3n de deuda*en Palma de Mallorca (Baleares). Mediante la gesti\u00f3n [&hellip;]<\/p>\n","protected":false},"author":1,"featured_media":0,"comment_status":"closed","ping_status":"closed","sticky":false,"template":"","format":"standard","meta":{"footnotes":""},"categories":[],"tags":[],"class_list":["post-51523","post","type-post","status-publish","format-standard","hentry"],"_links":{"self":[{"href":"https:\/\/webciudadana.net\/index.php?rest_route=\/wp\/v2\/posts\/51523","targetHints":{"allow":["GET"]}}],"collection":[{"href":"https:\/\/webciudadana.net\/index.php?rest_route=\/wp\/v2\/posts"}],"about":[{"href":"https:\/\/webciudadana.net\/index.php?rest_route=\/wp\/v2\/types\/post"}],"author":[{"embeddable":true,"href":"https:\/\/webciudadana.net\/index.php?rest_route=\/wp\/v2\/users\/1"}],"replies":[{"embeddable":true,"href":"https:\/\/webciudadana.net\/index.php?rest_route=%2Fwp%2Fv2%2Fcomments&post=51523"}],"version-history":[{"count":0,"href":"https:\/\/webciudadana.net\/index.php?rest_route=\/wp\/v2\/posts\/51523\/revisions"}],"wp:attachment":[{"href":"https:\/\/webciudadana.net\/index.php?rest_route=%2Fwp%2Fv2%2Fmedia&parent=51523"}],"wp:term":[{"taxonomy":"category","embeddable":true,"href":"https:\/\/webciudadana.net\/index.php?rest_route=%2Fwp%2Fv2%2Fcategories&post=51523"},{"taxonomy":"post_tag","embeddable":true,"href":"https:\/\/webciudadana.net\/index.php?rest_route=%2Fwp%2Fv2%2Ftags&post=51523"}],"curies":[{"name":"wp","href":"https:\/\/api.w.org\/{rel}","templated":true}]}}