{"id":51542,"date":"2024-03-27T10:46:51","date_gmt":"2024-03-27T09:46:51","guid":{"rendered":"https:\/\/ticker-noticiasep.microcontenidos.com\/NoticiaRSS.vbhtml?user=XRNR562DLR&amp;cod=20240327104651"},"modified":"2024-03-27T10:46:51","modified_gmt":"2024-03-27T09:46:51","slug":"unicef-iberdrola-y-fundacion-secretariado-gitano-forman-en-energia-renovable-a-jovenes-en-situacion-de-vulnerabilidad","status":"publish","type":"post","link":"https:\/\/webciudadana.net\/?p=51542","title":{"rendered":"UNICEF, Iberdrola y Fundaci\u00f3n Secretariado Gitano forman en energ\u00eda renovable a j\u00f3venes en situaci\u00f3n de vulnerabilidad"},"content":{"rendered":"\n<div><img decoding=\"async\" src=\"\/wp-content\/uploads\/sites\/2\/2024\/03\/unicef-iberdrola-y-fundacion-secretariado-gitano-forman-en-energia-renovable-a-jovenes-en-situacion-de-vulnerabilidad.jpg\" class=\"ff-og-image-inserted\"><\/div>\n<p> MADRID, 27 (EUROPA PRESS)<\/p>\n<p> UNICEF Espa\u00f1a, Iberdrola y Fundaci\u00f3n Secretariado Gitano (FSG) han lanzado en Le\u00f3n el programa &#8216;T\u00e1ndEM&#8217; de formaci\u00f3n y empleo &#8211;cofinanciado por la Uni\u00f3n Europea a trav\u00e9s de los Fondos Next Generation y por Iberdrola&#8211; en energ\u00edas renovables para j\u00f3venes en situaci\u00f3n de vulnerabilidad.<\/p>\n<p> Esta iniciativa se enmarca en la alianza &#8216;Generation Unlimited Espa\u00f1a&#8217;, impulsada por UNICEF Espa\u00f1a, y de la que forman parte Iberdrola y Secretariado Gitano, dirigida a j\u00f3venes que necesitan acceder a cualificaci\u00f3n y experiencia laboral, y cuenta con la colaboraci\u00f3n del Ayuntamiento de Le\u00f3n y la Federaci\u00f3n Leonesa de Empresarios (FELE).<\/p>\n<p> El programa se desarrollar\u00e1 a lo largo del a\u00f1o en Le\u00f3n, con una parte formativa en el aula y otra de montaje y mantenimiento de instalaciones fotovoltaicas en distintos edificios municipales de la capital leonesa.<\/p>\n<p> As\u00ed, el programa, financiado por el Servicio P\u00fablico de Empleo Estatal (SEPE), en el marco del Plan de Recuperaci\u00f3n, Transformaci\u00f3n y resiliencia (Next Generation EU), responde a un \u00abdoble reto\u00bb: \u00abla capacitaci\u00f3n de j\u00f3venes sin cualificaci\u00f3n y su pr\u00e1ctica laboral en sectores relevantes, como es el caso del empleo verde, favoreciendo el desarrollo de sus proyectos vitales\u00bb.<\/p>\n<p> En palabras de una de las j\u00f3venes beneficiarias del programa, Paula Andrea (24 a\u00f1os), ahora tienen \u00ablas mismas oportunidades en el \u00e1mbito de las energ\u00edas renovables\u00bb mientras que otro de los beneficiarios, Antonio (26 a\u00f1os) ha destacado que \u00abtener un trabajo con buenas condiciones\u00bb hace que se encuentre \u00abmejor\u00bb.<\/p>\n","protected":false},"excerpt":{"rendered":"<p>MADRID, 27 (EUROPA PRESS) UNICEF Espa\u00f1a, Iberdrola y Fundaci\u00f3n Secretariado Gitano (FSG) han lanzado en Le\u00f3n el programa &#8216;T\u00e1ndEM&#8217; de formaci\u00f3n y empleo &#8211;cofinanciado por la Uni\u00f3n Europea a trav\u00e9s de los Fondos Next Generation y por Iberdrola&#8211; en energ\u00edas renovables para j\u00f3venes en situaci\u00f3n de vulnerabilidad. Esta iniciativa se enmarca en la alianza &#8216;Generation [&hellip;]<\/p>\n","protected":false},"author":1,"featured_media":0,"comment_status":"closed","ping_status":"closed","sticky":false,"template":"","format":"standard","meta":{"footnotes":""},"categories":[],"tags":[],"class_list":["post-51542","post","type-post","status-publish","format-standard","hentry"],"_links":{"self":[{"href":"https:\/\/webciudadana.net\/index.php?rest_route=\/wp\/v2\/posts\/51542","targetHints":{"allow":["GET"]}}],"collection":[{"href":"https:\/\/webciudadana.net\/index.php?rest_route=\/wp\/v2\/posts"}],"about":[{"href":"https:\/\/webciudadana.net\/index.php?rest_route=\/wp\/v2\/types\/post"}],"author":[{"embeddable":true,"href":"https:\/\/webciudadana.net\/index.php?rest_route=\/wp\/v2\/users\/1"}],"replies":[{"embeddable":true,"href":"https:\/\/webciudadana.net\/index.php?rest_route=%2Fwp%2Fv2%2Fcomments&post=51542"}],"version-history":[{"count":0,"href":"https:\/\/webciudadana.net\/index.php?rest_route=\/wp\/v2\/posts\/51542\/revisions"}],"wp:attachment":[{"href":"https:\/\/webciudadana.net\/index.php?rest_route=%2Fwp%2Fv2%2Fmedia&parent=51542"}],"wp:term":[{"taxonomy":"category","embeddable":true,"href":"https:\/\/webciudadana.net\/index.php?rest_route=%2Fwp%2Fv2%2Fcategories&post=51542"},{"taxonomy":"post_tag","embeddable":true,"href":"https:\/\/webciudadana.net\/index.php?rest_route=%2Fwp%2Fv2%2Ftags&post=51542"}],"curies":[{"name":"wp","href":"https:\/\/api.w.org\/{rel}","templated":true}]}}