{"id":51546,"date":"2024-03-27T13:13:51","date_gmt":"2024-03-27T12:13:51","guid":{"rendered":"https:\/\/ticker-noticiasep.microcontenidos.com\/NoticiaRSS.vbhtml?user=XRNR562DLR&amp;cod=20240327131351"},"modified":"2024-03-27T13:13:51","modified_gmt":"2024-03-27T12:13:51","slug":"el-96-de-la-electricidad-que-consumio-el-grupo-bbva-en-2023-fue-de-origen-renovable","status":"publish","type":"post","link":"https:\/\/webciudadana.net\/?p=51546","title":{"rendered":"El 96% de la electricidad que consumi\u00f3 el Grupo BBVA en 2023 fue de origen renovable"},"content":{"rendered":"\n<div><img decoding=\"async\" src=\"\/wp-content\/uploads\/sites\/2\/2024\/03\/el-96-de-la-electricidad-que-consumio-el-grupo-bbva-en-2023-fue-de-origen-renovable.jpg\" class=\"ff-og-image-inserted\"><\/div>\n<p> MADRID, 27 (EUROPA PRESS)<\/p>\n<p> El 96% de la electricidad que consumi\u00f3 el Grupo BBVA en 2023 fue de origen renovable, muy por encima del 70% establecido en su objetivo para 2025, seg\u00fan ha informado la entidad bancaria este mi\u00e9rcoles.<\/p>\n<p> En Espa\u00f1a, Portugal, Colombia, Uruguay, M\u00e9xico, Per\u00fa y Turqu\u00eda el 100% de la electricidad consumida por la entidad financiera proviene de energ\u00edas limpias.<\/p>\n<p> Asimismo, el banco ha generado una huella ambiental de 44.985 toneladas de emisiones de CO2 (alcance 1, que incluye combustibles en instalaciones y flota de veh\u00edculos y gases refrigerantes y alcance 2, basado en el mercado).<\/p>\n<p> Las 44.985 toneladas registradas suponen un 15% menos de emisiones que las 52.887 toneladas emitidas en 2022. BBVA ha logrado reducir un 84% esas emisiones el pasado a\u00f1o respecto a 2015, muy por encima del objetivo del 68% marcado para 2025.<\/p>\n<p> Por otro lado, en l\u00ednea con el &#8216;Plan Global de Ecoeficiencia&#8217;, la huella ambiental del Grupo presenta datos \u00abmuy positivos\u00bb con respecto al a\u00f1o base 2019, con reducciones del 16% en consumo de electricidad, del 18% en consumo energ\u00e9tico, del 26% en consumo de agua, del 48% en papel y del 50% en residuos netos (todos ellos por empleado); y 82% en emisiones de alcance 1 y 2. Adem\u00e1s, el porcentaje de superficie certificada ambientalmente alcanz\u00f3 el 61%.<\/p>\n","protected":false},"excerpt":{"rendered":"<p>MADRID, 27 (EUROPA PRESS) El 96% de la electricidad que consumi\u00f3 el Grupo BBVA en 2023 fue de origen renovable, muy por encima del 70% establecido en su objetivo para 2025, seg\u00fan ha informado la entidad bancaria este mi\u00e9rcoles. En Espa\u00f1a, Portugal, Colombia, Uruguay, M\u00e9xico, Per\u00fa y Turqu\u00eda el 100% de la electricidad consumida por [&hellip;]<\/p>\n","protected":false},"author":1,"featured_media":0,"comment_status":"closed","ping_status":"closed","sticky":false,"template":"","format":"standard","meta":{"footnotes":""},"categories":[],"tags":[],"class_list":["post-51546","post","type-post","status-publish","format-standard","hentry"],"_links":{"self":[{"href":"https:\/\/webciudadana.net\/index.php?rest_route=\/wp\/v2\/posts\/51546","targetHints":{"allow":["GET"]}}],"collection":[{"href":"https:\/\/webciudadana.net\/index.php?rest_route=\/wp\/v2\/posts"}],"about":[{"href":"https:\/\/webciudadana.net\/index.php?rest_route=\/wp\/v2\/types\/post"}],"author":[{"embeddable":true,"href":"https:\/\/webciudadana.net\/index.php?rest_route=\/wp\/v2\/users\/1"}],"replies":[{"embeddable":true,"href":"https:\/\/webciudadana.net\/index.php?rest_route=%2Fwp%2Fv2%2Fcomments&post=51546"}],"version-history":[{"count":0,"href":"https:\/\/webciudadana.net\/index.php?rest_route=\/wp\/v2\/posts\/51546\/revisions"}],"wp:attachment":[{"href":"https:\/\/webciudadana.net\/index.php?rest_route=%2Fwp%2Fv2%2Fmedia&parent=51546"}],"wp:term":[{"taxonomy":"category","embeddable":true,"href":"https:\/\/webciudadana.net\/index.php?rest_route=%2Fwp%2Fv2%2Fcategories&post=51546"},{"taxonomy":"post_tag","embeddable":true,"href":"https:\/\/webciudadana.net\/index.php?rest_route=%2Fwp%2Fv2%2Ftags&post=51546"}],"curies":[{"name":"wp","href":"https:\/\/api.w.org\/{rel}","templated":true}]}}