{"id":51549,"date":"2024-03-27T14:14:19","date_gmt":"2024-03-27T13:14:19","guid":{"rendered":"https:\/\/ticker-noticiasep.microcontenidos.com\/NoticiaRSS.vbhtml?user=XRNR562DLR&amp;cod=20240327141419"},"modified":"2024-03-27T14:14:19","modified_gmt":"2024-03-27T13:14:19","slug":"fundacion-once-acoge-un-congreso-de-tecnologia-e-impresion-3d-al-servicio-de-la-salud-y-las-personas-con-discapacidad","status":"publish","type":"post","link":"https:\/\/webciudadana.net\/?p=51549","title":{"rendered":"Fundaci\u00f3n ONCE acoge un congreso de tecnolog\u00eda e impresi\u00f3n 3D al servicio de la salud y las personas con discapacidad"},"content":{"rendered":"\n<div><img decoding=\"async\" src=\"\/wp-content\/uploads\/sites\/2\/2024\/03\/fundacion-once-acoge-un-congreso-de-tecnologia-e-impresion-3d-al-servicio-de-la-salud-y-las-personas-con-discapacidad.jpg\" class=\"ff-og-image-inserted\"><\/div>\n<p> MADRID, 27 (EUROPA PRESS)<\/p>\n<p> La Fundaci\u00f3n ONCE acoger\u00e1 en su sede de Madrid el I Congreso Nacional &#8216;Tech for Health: tecnolog\u00eda e impresi\u00f3n 3D al servicio de la salud y las personas con discapacidad&#8217;, organizado por 3DLAN y Autofabricantes para los pr\u00f3ximos 4 y 5 de abril.<\/p>\n<p> El encuentro, impulsado por la Fundaci\u00f3n ONCE, Accesible EU y Madrid Emprende &#8211;del Ayuntamiento de Madrid&#8211;, busca, como se\u00f1alan sus impulsores, transmitir a la ciudadan\u00eda c\u00f3mo estas tecnolog\u00edas mejoran la salud y generar un espacio de encuentro para profesionales de la cl\u00ednica, la ingenier\u00eda, el \u00e1mbito social y las personas usuarias.<\/p>\n<p> Durante dos d\u00edas, se dar\u00e1n cita expertos en impresi\u00f3n 3D de hospitales y centros de investigaci\u00f3n de Espa\u00f1a que expondr\u00e1n los \u00faltimos avances en proyectos sociales con este tipo de tecnolog\u00eda.<\/p>\n<p> En las distintas mesas de debate, conferencias y talleres los participantes, seg\u00fan ha explicado la Fundaci\u00f3n ONCE, podr\u00e1n conocer de primera mano las \u00faltimas aplicaciones de impresi\u00f3n 3D para dise\u00f1o de productos de apoyo con las propias personas usuarias, usos preoperatorios o posibles aplicaciones futuras de la bioimpresi\u00f3n.<\/p>\n<p> En concreto, el congreso se celebra en el sal\u00f3n de actos de Fundaci\u00f3n ONCE de Madrid (calle Sebasti\u00e1n Herrera, 15) en jornadas de ma\u00f1ana y tarde, donde los asistentes tendr\u00e1n la oportunidad de interactuar y compartir experiencia con los ponentes y participar en varios talleres pr\u00e1cticos.<\/p>\n<p> La entidad ha destacado que entre los oradores confirmados se encuentran el deportista con discapacidad, Jes\u00fas Carrasco; la investigadora pionera en bioimpresi\u00f3n 3D, Nieves Cubo, y el t\u00e9cnico de Innovaci\u00f3n de Biocruces, Rub\u00e9n Garc\u00eda, junto con representantes del Ayuntamiento de Madrid, CEAPAT y Fundaci\u00f3n ONCE.<\/p>\n","protected":false},"excerpt":{"rendered":"<p>MADRID, 27 (EUROPA PRESS) La Fundaci\u00f3n ONCE acoger\u00e1 en su sede de Madrid el I Congreso Nacional &#8216;Tech for Health: tecnolog\u00eda e impresi\u00f3n 3D al servicio de la salud y las personas con discapacidad&#8217;, organizado por 3DLAN y Autofabricantes para los pr\u00f3ximos 4 y 5 de abril. El encuentro, impulsado por la Fundaci\u00f3n ONCE, Accesible [&hellip;]<\/p>\n","protected":false},"author":1,"featured_media":0,"comment_status":"closed","ping_status":"closed","sticky":false,"template":"","format":"standard","meta":{"footnotes":""},"categories":[],"tags":[],"class_list":["post-51549","post","type-post","status-publish","format-standard","hentry"],"_links":{"self":[{"href":"https:\/\/webciudadana.net\/index.php?rest_route=\/wp\/v2\/posts\/51549","targetHints":{"allow":["GET"]}}],"collection":[{"href":"https:\/\/webciudadana.net\/index.php?rest_route=\/wp\/v2\/posts"}],"about":[{"href":"https:\/\/webciudadana.net\/index.php?rest_route=\/wp\/v2\/types\/post"}],"author":[{"embeddable":true,"href":"https:\/\/webciudadana.net\/index.php?rest_route=\/wp\/v2\/users\/1"}],"replies":[{"embeddable":true,"href":"https:\/\/webciudadana.net\/index.php?rest_route=%2Fwp%2Fv2%2Fcomments&post=51549"}],"version-history":[{"count":0,"href":"https:\/\/webciudadana.net\/index.php?rest_route=\/wp\/v2\/posts\/51549\/revisions"}],"wp:attachment":[{"href":"https:\/\/webciudadana.net\/index.php?rest_route=%2Fwp%2Fv2%2Fmedia&parent=51549"}],"wp:term":[{"taxonomy":"category","embeddable":true,"href":"https:\/\/webciudadana.net\/index.php?rest_route=%2Fwp%2Fv2%2Fcategories&post=51549"},{"taxonomy":"post_tag","embeddable":true,"href":"https:\/\/webciudadana.net\/index.php?rest_route=%2Fwp%2Fv2%2Ftags&post=51549"}],"curies":[{"name":"wp","href":"https:\/\/api.w.org\/{rel}","templated":true}]}}