{"id":51564,"date":"2024-03-27T18:49:52","date_gmt":"2024-03-27T17:49:52","guid":{"rendered":"https:\/\/ticker-noticiasep.microcontenidos.com\/NoticiaRSS.vbhtml?user=XRNR562DLR&amp;cod=20240327184952"},"modified":"2024-03-27T18:49:52","modified_gmt":"2024-03-27T17:49:52","slug":"mas-de-300-ninos-participaran-en-una-actividad-solidaria-junto-con-jugadores-del-ucam-c-f-y-voluntarios-de-caixabank","status":"publish","type":"post","link":"https:\/\/webciudadana.net\/?p=51564","title":{"rendered":"M\u00e1s de 300 ni\u00f1os participar\u00e1n en una actividad solidaria junto con jugadores del UCAM C.F y voluntarios de CaixaBank"},"content":{"rendered":"\n<div><img decoding=\"async\" src=\"\/wp-content\/uploads\/sites\/2\/2024\/03\/mas-de-300-ninos-participaran-en-una-actividad-solidaria-junto-con-jugadores-del-ucam-c-f-y-voluntarios-de-caixabank.jpg\" class=\"ff-og-image-inserted\"><\/div>\n<p> MURCIA, 27 (EUROPA PRESS)<\/p>\n<p> M\u00e1s de 300 ni\u00f1os participar\u00e1n en una actividad solidaria organizada por CaixaBank y el UCAM Murcia C.F el pr\u00f3ximo 10 de abril en el Estadio BeSoccer La Condomina, seg\u00fan han informado fuentes de la entidad en un comunicado.<\/p>\n<p> Se trata de un circuito deportivo repartido por todo el terreno de juego, que estar\u00e1 formado por 30 estaciones con diferentes actividades y en las que los participantes, de entre 5 y 12 a\u00f1os, participar\u00e1n junto a componentes de la primera plantilla del UCAM Murcia C.F.y de Voluntariado CaixaBank.<\/p>\n<p> El director del Centro de Instituciones de CaixaBank, Antonio Francisco Garc\u00eda, ha manifestado que \u00aben CaixaBank, creemos en el poder del deporte como un catalizador para el cambio social y el desarrollo personal, es por ello que estamos muy ilusionados por organizar esta iniciativa y fortalecer nuestros lazos con el UCAM Murcia C.F.\u00bb. \u00bb &#8216;Unidos por el bal\u00f3n&#8217; simboliza nuestro compromiso no solo con el bienestar de los ni\u00f1os de la Regi\u00f3n de Murcia, sino tambi\u00e9n con el futuro de nuestra sociedad\u00bb, ha a\u00f1adido Garc\u00eda.<\/p>\n<p> Por su parte, el director general de Deportes de la UCAM, Pablo Rosique, ha declarado que \u00abambas entidades compartimos el mismo ADN solidario. Ocho a\u00f1os llevamos trabajando de la mano y &#8216;Unidos por el bal\u00f3n&#8217; es una nueva actividad en la que pondremos nuestro manifiesto en ayudar a los m\u00e1s desfavorecidos\u00bb.<\/p>\n","protected":false},"excerpt":{"rendered":"<p>MURCIA, 27 (EUROPA PRESS) M\u00e1s de 300 ni\u00f1os participar\u00e1n en una actividad solidaria organizada por CaixaBank y el UCAM Murcia C.F el pr\u00f3ximo 10 de abril en el Estadio BeSoccer La Condomina, seg\u00fan han informado fuentes de la entidad en un comunicado. Se trata de un circuito deportivo repartido por todo el terreno de juego, [&hellip;]<\/p>\n","protected":false},"author":1,"featured_media":0,"comment_status":"closed","ping_status":"closed","sticky":false,"template":"","format":"standard","meta":{"footnotes":""},"categories":[],"tags":[],"class_list":["post-51564","post","type-post","status-publish","format-standard","hentry"],"_links":{"self":[{"href":"https:\/\/webciudadana.net\/index.php?rest_route=\/wp\/v2\/posts\/51564","targetHints":{"allow":["GET"]}}],"collection":[{"href":"https:\/\/webciudadana.net\/index.php?rest_route=\/wp\/v2\/posts"}],"about":[{"href":"https:\/\/webciudadana.net\/index.php?rest_route=\/wp\/v2\/types\/post"}],"author":[{"embeddable":true,"href":"https:\/\/webciudadana.net\/index.php?rest_route=\/wp\/v2\/users\/1"}],"replies":[{"embeddable":true,"href":"https:\/\/webciudadana.net\/index.php?rest_route=%2Fwp%2Fv2%2Fcomments&post=51564"}],"version-history":[{"count":0,"href":"https:\/\/webciudadana.net\/index.php?rest_route=\/wp\/v2\/posts\/51564\/revisions"}],"wp:attachment":[{"href":"https:\/\/webciudadana.net\/index.php?rest_route=%2Fwp%2Fv2%2Fmedia&parent=51564"}],"wp:term":[{"taxonomy":"category","embeddable":true,"href":"https:\/\/webciudadana.net\/index.php?rest_route=%2Fwp%2Fv2%2Fcategories&post=51564"},{"taxonomy":"post_tag","embeddable":true,"href":"https:\/\/webciudadana.net\/index.php?rest_route=%2Fwp%2Fv2%2Ftags&post=51564"}],"curies":[{"name":"wp","href":"https:\/\/api.w.org\/{rel}","templated":true}]}}