{"id":51568,"date":"2024-03-27T20:18:10","date_gmt":"2024-03-27T19:18:10","guid":{"rendered":"https:\/\/ticker-noticiasep.microcontenidos.com\/NoticiaRSS.vbhtml?user=XRNR562DLR&amp;cod=20240327201810"},"modified":"2024-03-27T20:18:10","modified_gmt":"2024-03-27T19:18:10","slug":"mundo-como-mejora-evb-la-movilidad-de-ve-en-el-aeropuerto-de-valencia-2","status":"publish","type":"post","link":"https:\/\/webciudadana.net\/?p=51568","title":{"rendered":"Mundo: \u00bfC\u00f3mo mejora EVB la movilidad de VE en el aeropuerto de Valencia (2)"},"content":{"rendered":"\n<div><img decoding=\"async\" src=\"\/wp-content\/uploads\/sites\/2\/2024\/03\/mundo-como-mejora-evb-la-movilidad-de-ve-en-el-aeropuerto-de-valencia-2.jpg\" class=\"ff-og-image-inserted\"><\/div>\n<p>(Informaci\u00f3n remitida por la empresa firmante)<\/p>\n<p>\nTras el despliegue de la estaci\u00f3n de carga en el Aeropuerto de Valencia, los viajeros frecuentes en avi\u00f3n expresaron su satisfacci\u00f3n y afirmaron: \u00abCon la instalaci\u00f3n de estaciones de carga en el aeropuerto, mi ansiedad por la autonom\u00eda se ha eliminado, sabiendo que mi coche estar\u00e1 completamente cargado a mi regreso de los viajes de negocios. Adem\u00e1s, puedo utilizar c\u00f3modamente los cargadores r\u00e1pidos para recargar mi coche cuando dejo a mis familiares en el aeropuerto\u00bb. Este proyecto constituye un \u00e9xito notable, ya que satisface los requisitos de los usuarios, fomenta el desarrollo sostenible, mejora la reputaci\u00f3n de la empresa y, lo m\u00e1s importante, ofrece conocimientos y experiencias valiosos para futuros esfuerzos similares en proyectos de cargadores de VE. A medida que avanza la industria de los veh\u00edculos el\u00e9ctricos, EVB mantiene su compromiso de colaborar con m\u00e1s empresas, introduciendo continuamente soluciones de primer nivel y garantizando que los usuarios de todo el mundo se beneficien de experiencias de carga cada vez m\u00e1s convenientes y eficientes.<\/p>\n<p> Foto &#8211; https:\/\/mma.prnewswire.com\/media\/2373133\/Photo.jpg<\/p>\n<p> View original content:https:\/\/www.prnewswire.com\/news-releases\/como-mejora-evb-la-movilidad-de-ve-en-el-aeropuerto-de-valencia-302101589.html<\/p>\n","protected":false},"excerpt":{"rendered":"<p>(Informaci\u00f3n remitida por la empresa firmante) Tras el despliegue de la estaci\u00f3n de carga en el Aeropuerto de Valencia, los viajeros frecuentes en avi\u00f3n expresaron su satisfacci\u00f3n y afirmaron: \u00abCon la instalaci\u00f3n de estaciones de carga en el aeropuerto, mi ansiedad por la autonom\u00eda se ha eliminado, sabiendo que mi coche estar\u00e1 completamente cargado a [&hellip;]<\/p>\n","protected":false},"author":1,"featured_media":0,"comment_status":"closed","ping_status":"closed","sticky":false,"template":"","format":"standard","meta":{"footnotes":""},"categories":[],"tags":[],"class_list":["post-51568","post","type-post","status-publish","format-standard","hentry"],"_links":{"self":[{"href":"https:\/\/webciudadana.net\/index.php?rest_route=\/wp\/v2\/posts\/51568","targetHints":{"allow":["GET"]}}],"collection":[{"href":"https:\/\/webciudadana.net\/index.php?rest_route=\/wp\/v2\/posts"}],"about":[{"href":"https:\/\/webciudadana.net\/index.php?rest_route=\/wp\/v2\/types\/post"}],"author":[{"embeddable":true,"href":"https:\/\/webciudadana.net\/index.php?rest_route=\/wp\/v2\/users\/1"}],"replies":[{"embeddable":true,"href":"https:\/\/webciudadana.net\/index.php?rest_route=%2Fwp%2Fv2%2Fcomments&post=51568"}],"version-history":[{"count":0,"href":"https:\/\/webciudadana.net\/index.php?rest_route=\/wp\/v2\/posts\/51568\/revisions"}],"wp:attachment":[{"href":"https:\/\/webciudadana.net\/index.php?rest_route=%2Fwp%2Fv2%2Fmedia&parent=51568"}],"wp:term":[{"taxonomy":"category","embeddable":true,"href":"https:\/\/webciudadana.net\/index.php?rest_route=%2Fwp%2Fv2%2Fcategories&post=51568"},{"taxonomy":"post_tag","embeddable":true,"href":"https:\/\/webciudadana.net\/index.php?rest_route=%2Fwp%2Fv2%2Ftags&post=51568"}],"curies":[{"name":"wp","href":"https:\/\/api.w.org\/{rel}","templated":true}]}}