{"id":51581,"date":"2024-03-28T05:06:19","date_gmt":"2024-03-28T04:06:19","guid":{"rendered":"https:\/\/ticker-noticiasep.microcontenidos.com\/NoticiaRSS.vbhtml?user=XRNR562DLR&amp;cod=20240328050619"},"modified":"2024-03-28T05:06:19","modified_gmt":"2024-03-28T04:06:19","slug":"mundo-la-fundacion-vantage-colabora-con-el-instituto-claret-para-ayudar-a-los-desfavorecidos-de-brasil","status":"publish","type":"post","link":"https:\/\/webciudadana.net\/?p=51581","title":{"rendered":"Mundo: La Fundaci\u00f3n Vantage colabora con el Instituto Claret para ayudar a los desfavorecidos de Brasil"},"content":{"rendered":"\n<div><img decoding=\"async\" src=\"\/wp-content\/uploads\/sites\/2\/2024\/03\/mundo-la-fundacion-vantage-colabora-con-el-instituto-claret-para-ayudar-a-los-desfavorecidos-de-brasil.jpg\" class=\"ff-og-image-inserted\"><\/div>\n<p>(Informaci\u00f3n remitida por la empresa firmante)<\/p>\n<p>\nSAO PAULO, 28 de marzo de 2024 \/PRNewswire\/ &#8212; La Fundaci\u00f3n Vantage se complace en anunciar su asociaci\u00f3n con el Instituto Claret, una reputada organizaci\u00f3n ben\u00e9fica de Brasil.<\/p>\n<p> El Instituto Claret ofrece una serie de programas de apoyo a la infancia y la familia, prevenci\u00f3n de la violencia, asistencia a personas sin hogar, seguridad alimentaria y formaci\u00f3n profesional. Estas iniciativas, que afectan a miles de personas cada mes, ponen de relieve el compromiso inquebrantable de la organizaci\u00f3n con la mejora de las comunidades desfavorecidas.<\/p>\n<p> \u00abEl Instituto Claret se dedica a apoyar a las personas en situaci\u00f3n de vulnerabilidad mediante servicios y programas centrados en el ser humano y adaptados a todos los grupos de edad, desde los ni\u00f1os peque\u00f1os hasta los mayores, pasando por las familias y los adolescentes que necesitan apoyo extraescolar\u00bb, afirm\u00f3 Paula Rodrigues Diego Unger, directora del Instituto Claret.<\/p>\n<p> \u00abNuestra misi\u00f3n es ayudar a las personas a alcanzar su m\u00e1ximo potencial. Al proporcionarles un entorno seguro, podemos darles cobijo y escuchar sus necesidades y aspiraciones. Esto nos permite ofrecerles asistencia personalizada y ponerles en contacto con ayudas esenciales, como educaci\u00f3n, asistencia sanitaria y defensa de sus derechos\u00bb.<\/p>\n<p> La colaboraci\u00f3n ejemplifica un compromiso compartido con la filantrop\u00eda y la concienciaci\u00f3n social. Ambas entidades est\u00e1n unidas en su misi\u00f3n de acelerar una mejora significativa de la comunidad. Esta iniciativa con el Instituto Claret forma parte de una serie de programas gestionados por la Fundaci\u00f3n Vantage que ponen de relieve el compromiso permanente de la organizaci\u00f3n por lograr un impacto positivo en todo el mundo.<\/p>\n<p> \u00abLa Fundaci\u00f3n Vantage se mantiene firme en su compromiso de crear cambios positivos de manera significativa en todo el mundo\u00bb, indic\u00f3 Steven Xie, director ejecutivo de la Fundaci\u00f3n Vantage. Con cada iniciativa que emprendemos, contribuimos junto con nuestros socios a un futuro m\u00e1s inclusivo para todos\u00bb.<\/p>\n<p> Desde su lanzamiento en el Centro Tecnol\u00f3gico McLaren del Reino Unido con el apoyo de la Agencia de la ONU para los Refugiados (ACNUR) y el equipo NEOM McLaren Extreme E a finales de 2023, la Fundaci\u00f3n Vantage ha ampliado su huella para incluir pa\u00edses como Malasia y Singapur. El mes pasado, Vantage Foundation colabor\u00f3 con la Fundaci\u00f3n iREDE para empoderar a ni\u00f1os amputados en Nigeria.<\/p>\n<p> Si desea m\u00e1s informaci\u00f3n acerca del Instituto Claret, visitehttps:\/\/www.institutoclaret.org.br<\/p>\n<p>\nAcerca de la Fundaci\u00f3n Vantage<\/p>\n<p>\nLa Fundaci\u00f3n Vantage es una organizaci\u00f3n ben\u00e9fica independiente creada en el Centro Tecnol\u00f3gico McLaren del Reino Unido con el apoyo de la Agencia de la ONU para los Refugiados (ACNUR) y el equipo NEOM McLaren Extreme E en 2023. Si desea m\u00e1s informaci\u00f3n visite la p\u00e1gina web sita en www.vantage.foundation<\/p>\n<p>\nFoto &#8212; https:\/\/mma.prnewswire.com\/media\/2373110\/Image.jpg<\/p>\n<p>\nLogo &#8212; https:\/\/mma.prnewswire.com\/media\/2299654\/Vantage_Foundation_Logo.jpg<\/p>\n<p> View original content:https:\/\/www.prnewswire.com\/news-releases\/la-fundacion-vantage-colabora-con-el-instituto-claret-para-ayudar-a-los-desfavorecidos-de-brasil-302102036.html<\/p>\n","protected":false},"excerpt":{"rendered":"<p>(Informaci\u00f3n remitida por la empresa firmante) SAO PAULO, 28 de marzo de 2024 \/PRNewswire\/ &#8212; La Fundaci\u00f3n Vantage se complace en anunciar su asociaci\u00f3n con el Instituto Claret, una reputada organizaci\u00f3n ben\u00e9fica de Brasil. El Instituto Claret ofrece una serie de programas de apoyo a la infancia y la familia, prevenci\u00f3n de la violencia, asistencia [&hellip;]<\/p>\n","protected":false},"author":1,"featured_media":0,"comment_status":"closed","ping_status":"closed","sticky":false,"template":"","format":"standard","meta":{"footnotes":""},"categories":[],"tags":[],"class_list":["post-51581","post","type-post","status-publish","format-standard","hentry"],"_links":{"self":[{"href":"https:\/\/webciudadana.net\/index.php?rest_route=\/wp\/v2\/posts\/51581","targetHints":{"allow":["GET"]}}],"collection":[{"href":"https:\/\/webciudadana.net\/index.php?rest_route=\/wp\/v2\/posts"}],"about":[{"href":"https:\/\/webciudadana.net\/index.php?rest_route=\/wp\/v2\/types\/post"}],"author":[{"embeddable":true,"href":"https:\/\/webciudadana.net\/index.php?rest_route=\/wp\/v2\/users\/1"}],"replies":[{"embeddable":true,"href":"https:\/\/webciudadana.net\/index.php?rest_route=%2Fwp%2Fv2%2Fcomments&post=51581"}],"version-history":[{"count":0,"href":"https:\/\/webciudadana.net\/index.php?rest_route=\/wp\/v2\/posts\/51581\/revisions"}],"wp:attachment":[{"href":"https:\/\/webciudadana.net\/index.php?rest_route=%2Fwp%2Fv2%2Fmedia&parent=51581"}],"wp:term":[{"taxonomy":"category","embeddable":true,"href":"https:\/\/webciudadana.net\/index.php?rest_route=%2Fwp%2Fv2%2Fcategories&post=51581"},{"taxonomy":"post_tag","embeddable":true,"href":"https:\/\/webciudadana.net\/index.php?rest_route=%2Fwp%2Fv2%2Ftags&post=51581"}],"curies":[{"name":"wp","href":"https:\/\/api.w.org\/{rel}","templated":true}]}}