{"id":51603,"date":"2024-03-29T09:08:18","date_gmt":"2024-03-29T08:08:18","guid":{"rendered":"https:\/\/ticker-noticiasep.microcontenidos.com\/NoticiaRSS.vbhtml?user=XRNR562DLR&amp;cod=20240329090818"},"modified":"2024-03-29T09:08:18","modified_gmt":"2024-03-29T08:08:18","slug":"mundo-midea-presenta-electrodomesticos-de-proxima-generacion-en-la-conferencia-comercial-europea-2024","status":"publish","type":"post","link":"https:\/\/webciudadana.net\/?p=51603","title":{"rendered":"Mundo: Midea presenta electrodom\u00e9sticos de pr\u00f3xima generaci\u00f3n en la Conferencia Comercial Europea 2024"},"content":{"rendered":"\n<div><img decoding=\"async\" src=\"\/wp-content\/uploads\/sites\/2\/2024\/03\/mundo-midea-presenta-electrodomesticos-de-proxima-generacion-en-la-conferencia-comercial-europea-2024.jpg\" class=\"ff-og-image-inserted\"><\/div>\n<p>(Informaci\u00f3n remitida por la empresa firmante)<\/p>\n<p>\n&#8211;Midea presenta electrodom\u00e9sticos de pr\u00f3xima generaci\u00f3n en la reuni\u00f3n de la Conferencia Comercial Europea 2024 en Grecia<\/p>\n<p>\nATENAS, Grecia, 29 de marzo de 2024 \/PRNewswire\/ &#8212; Midea, l\u00edder mundial en electrodom\u00e9sticos inteligentes, se enorgullece de anunciar su participaci\u00f3n en la Conferencia Comercial Europea Midea 2024, que tendr\u00e1 lugar en Grecia del 20 al 22 de marzo. En el evento, Midea mostrar\u00e1 las \u00faltimas contribuciones a los mercados europeos del hogar y la cocina al presentar dos productos innovadores: el horno Midea TastePro y el horno empotrado Midea 2.0.<\/p>\n<p> El horno Midea TastePro y el horno empotrado Midea 2.0 son adiciones innovadoras a la tecnolog\u00eda de cocina moderna, cuyo objetivo es proporcionar a los usuarios comodidad, eficiencia y conectividad dentro de sus configuraciones dom\u00e9sticas inteligentes. Dise\u00f1ados para integrarse en los ecosistemas de IoT existentes, estos electrodom\u00e9sticos ofrecen un mejor control y flexibilidad para gestionar las tareas de la cocina sin una configuraci\u00f3n extensa, lo que permite la intervenci\u00f3n remota utilizando dispositivos compatibles m\u00e1s all\u00e1 de las proximidades del hogar. En la Conferencia Comercial Europea en Grecia, Midea se posicion\u00f3 estrat\u00e9gicamente para ofrecer a los consumidores europeos una experiencia culinaria profesional e inspiradora.<\/p>\n<p> Horno Midea TastePro<\/p>\n<p>\nIntegraci\u00f3n multifuncional: el horno Midea TastePro permite a los usuarios hornear, asar, dorar y m\u00e1s, todo dentro de un solo aparato. Esta capacidad multifuncional, que permite realizar una transici\u00f3n conveniente entre las funciones de cocci\u00f3n al vapor, horneado y microondas, agiliza el proceso de cocci\u00f3n.<\/p>\n<p>\nTecnolog\u00eda patentada de grafeno: aprovechando la tecnolog\u00eda avanzada de grafeno, el horno Midea TastePro garantiza una distribuci\u00f3n eficiente y uniforme del calor, lo que resulta en una cocci\u00f3n precisa y resultados consistentes.<\/p>\n<p>\nTecnolog\u00eda de calentamiento r\u00e1pido XpressHeating: el horno Midea TastePro, que cuenta con la tecnolog\u00eda de calentamiento r\u00e1pido XpressHeating, reduce el tiempo de precalentamiento, acelera la cocci\u00f3n y mantiene la calidad. Con la tecnolog\u00eda de enlace inteligente de Matter, se integra sin esfuerzo en ecosistemas dom\u00e9sticos inteligentes, proporcionando a los usuarios flexibilidad y mejorando su experiencia en la cocina.<\/p>\n<p> Horno empotrado Midea 2.0 <\/p>\n<p>\nAsado a temperatura ultra alta: logra resultados superiores con temperaturas de asado que alcanzan hasta 280 grados Celsius, en comparaci\u00f3n con los 250 grados Celsius de los hornos tradicionales.<\/p>\n<p>\nCapacidad de 72 litros con 5 parrillas: con un amplio espacio para cocinar y m\u00faltiples parrillas, los usuarios pueden preparar varios platos simult\u00e1neamente, asegurando un calentamiento constante y uniforme para todos los platos.<\/p>\n<p>\nCalentamiento r\u00e1pido: la tecnolog\u00eda avanzada de precalentamiento r\u00e1pido permite que el horno alcance m\u00e1s de 250 grados Celsius en s\u00f3lo 7 minutos, ahorrando a los usuarios un 30% del tiempo de precalentamiento habitual. (Datos derivados de experimentos de laboratorio internos)<\/p>\n<p>\nEficiencia energ\u00e9tica A+: la l\u00f3gica del programa optimizada y un nuevo dise\u00f1o de cavidad maximizan la utilizaci\u00f3n de energ\u00eda generando calor apropiado y evitando fugas de calor, lo que resulta en una eficiencia energ\u00e9tica mejorada.<\/p>\n<p> Los electrodom\u00e9sticos de Midea est\u00e1n dise\u00f1ados para ayudar a los europeos a cocinar en sus hogares. Al ofrecer un control, flexibilidad y rendimiento excepcionales, convierten las rutinas tradicionales en experiencias culinarias c\u00f3modas, eficientes y vers\u00e1tiles. Midea pretende mostrar su liderazgo en la entrega de electrodom\u00e9sticos de cocina de alta calidad que satisfagan las necesidades y preferencias cambiantes de los consumidores europeos, ofreciendo nuevas posibilidades de logros culinarios en la regi\u00f3n.<\/p>\n<p> Acerca de Midea y Midea Group<\/p>\n<p>\nMidea es una de las m\u00e1s de 10 marcas dentro del negocio de hogares inteligentes de Midea Group. Establecido en 1968, Midea Group ocupa el puesto 278 en la lista Fortune Global 500 de 2023. Sus negocios abarcan electrodom\u00e9sticos inteligentes, electromec\u00e1nica, tecnolog\u00edas de construcci\u00f3n, rob\u00f3tica y automatizaci\u00f3n e innovaci\u00f3n digital.<\/p>\n<p> Para consultas de los medios, demostraciones de productos o entrevistas, comun\u00edquese con:<\/p>\n<p>\n[Isaac Fan] fanyx20@midea.com<\/p>\n<p>\n[Jessie Wang] wangrong15@midea.com<\/p>\n<p>\nFoto &#8212; https:\/\/mma.prnewswire.com\/media\/2370647\/image_5028920_35042932.jpg<\/p>\n<p> View original content:https:\/\/www.prnewswire.com\/news-releases\/midea-presenta-electrodomesticos-de-proxima-generacion-en-la-conferencia-comercial-europea-2024-302103432.html<\/p>\n","protected":false},"excerpt":{"rendered":"<p>(Informaci\u00f3n remitida por la empresa firmante) &#8211;Midea presenta electrodom\u00e9sticos de pr\u00f3xima generaci\u00f3n en la reuni\u00f3n de la Conferencia Comercial Europea 2024 en Grecia ATENAS, Grecia, 29 de marzo de 2024 \/PRNewswire\/ &#8212; Midea, l\u00edder mundial en electrodom\u00e9sticos inteligentes, se enorgullece de anunciar su participaci\u00f3n en la Conferencia Comercial Europea Midea 2024, que tendr\u00e1 lugar en [&hellip;]<\/p>\n","protected":false},"author":1,"featured_media":0,"comment_status":"closed","ping_status":"closed","sticky":false,"template":"","format":"standard","meta":{"footnotes":""},"categories":[],"tags":[],"class_list":["post-51603","post","type-post","status-publish","format-standard","hentry"],"_links":{"self":[{"href":"https:\/\/webciudadana.net\/index.php?rest_route=\/wp\/v2\/posts\/51603","targetHints":{"allow":["GET"]}}],"collection":[{"href":"https:\/\/webciudadana.net\/index.php?rest_route=\/wp\/v2\/posts"}],"about":[{"href":"https:\/\/webciudadana.net\/index.php?rest_route=\/wp\/v2\/types\/post"}],"author":[{"embeddable":true,"href":"https:\/\/webciudadana.net\/index.php?rest_route=\/wp\/v2\/users\/1"}],"replies":[{"embeddable":true,"href":"https:\/\/webciudadana.net\/index.php?rest_route=%2Fwp%2Fv2%2Fcomments&post=51603"}],"version-history":[{"count":0,"href":"https:\/\/webciudadana.net\/index.php?rest_route=\/wp\/v2\/posts\/51603\/revisions"}],"wp:attachment":[{"href":"https:\/\/webciudadana.net\/index.php?rest_route=%2Fwp%2Fv2%2Fmedia&parent=51603"}],"wp:term":[{"taxonomy":"category","embeddable":true,"href":"https:\/\/webciudadana.net\/index.php?rest_route=%2Fwp%2Fv2%2Fcategories&post=51603"},{"taxonomy":"post_tag","embeddable":true,"href":"https:\/\/webciudadana.net\/index.php?rest_route=%2Fwp%2Fv2%2Ftags&post=51603"}],"curies":[{"name":"wp","href":"https:\/\/api.w.org\/{rel}","templated":true}]}}