{"id":51604,"date":"2024-03-29T09:25:38","date_gmt":"2024-03-29T08:25:38","guid":{"rendered":"https:\/\/ticker-noticiasep.microcontenidos.com\/NoticiaRSS.vbhtml?user=XRNR562DLR&amp;cod=20240329092538"},"modified":"2024-03-29T09:25:38","modified_gmt":"2024-03-29T08:25:38","slug":"mundo-toshiba-presenta-nuevo-horno-microondas-air-fry-en-la-reunion-de-la-conferencia-comercial-europea-2024","status":"publish","type":"post","link":"https:\/\/webciudadana.net\/?p=51604","title":{"rendered":"Mundo: Toshiba presenta nuevo horno microondas Air Fry en la reuni\u00f3n de la Conferencia Comercial Europea 2024"},"content":{"rendered":"\n<div><img decoding=\"async\" src=\"\/wp-content\/uploads\/sites\/2\/2024\/03\/mundo-toshiba-presenta-nuevo-horno-microondas-air-fry-en-la-reunion-de-la-conferencia-comercial-europea-2024.jpg\" class=\"ff-og-image-inserted\"><\/div>\n<p>(Informaci\u00f3n remitida por la empresa firmante)<\/p>\n<p>\n&#8211;Toshiba presenta un nuevo dise\u00f1o: nuevo horno microondas Air Fry en la reuni\u00f3n de la Conferencia Comercial Europea 2024 en Grecia <\/p>\n<p>\nATENAS, Grecia, 29 de marzo de 2024 \/PRNewswire\/ &#8212; Adquirida por Midea Group en 2016, Toshiba, una marca legendaria con ra\u00edces que se remontan a 1875, anuncia con orgullo su participaci\u00f3n en la Conferencia Comercial Europea 2024 en Grecia del 20 al 22 de marzo. En esta prestigiosa reuni\u00f3n, Toshiba presentar\u00e1 su pionero nuevo horno microondas Air Fry (MW3-AC26SF), parte de la serie W3, marcando el comienzo de una nueva era de innovaci\u00f3n en tecnolog\u00eda de cocina. Aprovechando su amplia experiencia y alcance global, Toshiba se posiciona estrat\u00e9gicamente para ofrecer a los consumidores europeos una experiencia culinaria profesional y creativa, mostrando sus \u00faltimas innovaciones, incluido el innovador nuevo horno microondas Air Fry de la serie W3, lo que refleja su compromiso de ampliar los l\u00edmites de la innovaci\u00f3n y mejorar la vida de los consumidores en todo el mundo a trav\u00e9s de la tecnolog\u00eda.<\/p>\n<p> El nuevo horno microondas Air Fry, un producto estrella de la serie W3, encarna el compromiso de Toshiba con la excelencia y la innovaci\u00f3n, prometiendo una experiencia de cocina profesional con multifuncionalidad que incluye capacidades de fre\u00edr con aire, convecci\u00f3n, grill y microondas. Se espera que se lance en Amazon en junio y el horno combina un dise\u00f1o elegante con funcionalidades avanzadas. Impulsado por la tecnolog\u00eda OriginInverter\u2122, el horno ofrece calor preciso y constante, garantizando resultados de cocci\u00f3n consistentes en todo momento. La tecnolog\u00eda ChefDefrostTM proporciona tiempos de descongelaci\u00f3n m\u00e1s cortos con mejores resultados, ahorrando tiempo y preservando la calidad de los alimentos. La avanzada tecnolog\u00eda de fre\u00edr con aire permite una cocci\u00f3n m\u00e1s saludable con una cantidad m\u00ednima de aceite, mientras que las funciones de convecci\u00f3n y parrilla ofrecen versatilidad para diversas necesidades culinarias. A pesar de su tama\u00f1o compacto, la capacidad de 26 litros tiene capacidad para la mayor\u00eda de los platos, lo que la hace ideal para el uso diario.<\/p>\n<p> Con sus capacidades multifuncionales, dise\u00f1o contempor\u00e1neo y caracter\u00edsticas avanzadas, el nuevo horno microondas Air Fry representa un avance en la tecnolog\u00eda de la cocina y ofrece a los consumidores europeos una experiencia culinaria m\u00e1s vers\u00e1til. Al destacar la versatilidad, precisi\u00f3n y eficiencia del nuevo horno microondas Air Fry, Toshiba pretende demostrar su compromiso de ofrecer productos de primera calidad que combinen estilo, funcionalidad y rendimiento, estableciendo un nuevo est\u00e1ndar para la excelencia culinaria en el hogar en Europa.<\/p>\n<p> Para consultas de los medios, demostraciones de productos o entrevistas, comun\u00edquese con:<\/p>\n<p>\n[Isaac Fan]<\/p>\n<p>\nfanyx20@midea.com<\/p>\n<p>\n[Jessie Wang]<\/p>\n<p>\nwangrong15@midea.com<\/p>\n<p>\nFoto &#8212; https:\/\/mma.prnewswire.com\/media\/2370648\/image_5028920_39707333.jpg<\/p>\n<p> View original content:https:\/\/www.prnewswire.com\/news-releases\/toshiba-presenta-nuevo-horno-microondas-air-fry-en-la-reunion-de-la-conferencia-comercial-europea-2024-302103440.html<\/p>\n","protected":false},"excerpt":{"rendered":"<p>(Informaci\u00f3n remitida por la empresa firmante) &#8211;Toshiba presenta un nuevo dise\u00f1o: nuevo horno microondas Air Fry en la reuni\u00f3n de la Conferencia Comercial Europea 2024 en Grecia ATENAS, Grecia, 29 de marzo de 2024 \/PRNewswire\/ &#8212; Adquirida por Midea Group en 2016, Toshiba, una marca legendaria con ra\u00edces que se remontan a 1875, anuncia con [&hellip;]<\/p>\n","protected":false},"author":1,"featured_media":0,"comment_status":"closed","ping_status":"closed","sticky":false,"template":"","format":"standard","meta":{"footnotes":""},"categories":[],"tags":[],"class_list":["post-51604","post","type-post","status-publish","format-standard","hentry"],"_links":{"self":[{"href":"https:\/\/webciudadana.net\/index.php?rest_route=\/wp\/v2\/posts\/51604","targetHints":{"allow":["GET"]}}],"collection":[{"href":"https:\/\/webciudadana.net\/index.php?rest_route=\/wp\/v2\/posts"}],"about":[{"href":"https:\/\/webciudadana.net\/index.php?rest_route=\/wp\/v2\/types\/post"}],"author":[{"embeddable":true,"href":"https:\/\/webciudadana.net\/index.php?rest_route=\/wp\/v2\/users\/1"}],"replies":[{"embeddable":true,"href":"https:\/\/webciudadana.net\/index.php?rest_route=%2Fwp%2Fv2%2Fcomments&post=51604"}],"version-history":[{"count":0,"href":"https:\/\/webciudadana.net\/index.php?rest_route=\/wp\/v2\/posts\/51604\/revisions"}],"wp:attachment":[{"href":"https:\/\/webciudadana.net\/index.php?rest_route=%2Fwp%2Fv2%2Fmedia&parent=51604"}],"wp:term":[{"taxonomy":"category","embeddable":true,"href":"https:\/\/webciudadana.net\/index.php?rest_route=%2Fwp%2Fv2%2Fcategories&post=51604"},{"taxonomy":"post_tag","embeddable":true,"href":"https:\/\/webciudadana.net\/index.php?rest_route=%2Fwp%2Fv2%2Ftags&post=51604"}],"curies":[{"name":"wp","href":"https:\/\/api.w.org\/{rel}","templated":true}]}}