{"id":51606,"date":"2024-03-29T11:10:54","date_gmt":"2024-03-29T10:10:54","guid":{"rendered":"https:\/\/ticker-noticiasep.microcontenidos.com\/NoticiaRSS.vbhtml?user=XRNR562DLR&amp;cod=20240329111054"},"modified":"2024-03-29T11:10:54","modified_gmt":"2024-03-29T10:10:54","slug":"mas-de-2-704-personas-del-medio-rural-mejoran-su-cualificacion-en-el-programa-de-inclusion-social-de-coceder","status":"publish","type":"post","link":"https:\/\/webciudadana.net\/?p=51606","title":{"rendered":"M\u00e1s de 2.704 personas del medio rural mejoran su cualificaci\u00f3n en el programa de Inclusi\u00f3n Social de COCEDER"},"content":{"rendered":"\n<div><img decoding=\"async\" src=\"\/wp-content\/uploads\/sites\/2\/2024\/03\/mas-de-2-704-personas-del-medio-rural-mejoran-su-cualificacion-en-el-programa-de-inclusion-social-de-coceder.jpg\" class=\"ff-og-image-inserted\"><\/div>\n<p> MADRID, 29 (EUROPA PRESS)<\/p>\n<p> M\u00e1s de 2.704 personas mejoran su cualificaci\u00f3n en el Programa Operativo de Inclusi\u00f3n Social y Econom\u00eda Social de la Confederaci\u00f3n de Centros de Desarrollo Rural (COCEDER).<\/p>\n<p> El programa, cofinanciado por el Fondo Social Europeo (FSE invierte en tu futuro), se desarroll\u00f3 de 2020 a 2023 y termin\u00f3 con la participaci\u00f3n de 4.338 personas y m\u00e1s de un 21% de inserci\u00f3n laboral. Adem\u00e1s, ha llevado a un total de 867 municipios (el 25% con menos de 500 habitantes) de 11 comunidades la oportunidad de mejorar la empleabilidad y fijar poblaci\u00f3n.<\/p>\n<p> \u00abEste programa ha permitido responder a la necesidad de dise\u00f1ar unas pol\u00edticas adaptadas e integrales, especializadas en promover la inclusi\u00f3n y lucha contra la pobreza y exclusi\u00f3n sociolaboral rural, ya que las situaciones de vulnerabilidad y precariedad se incrementan en estas zonas debido a las carencias estructurales existentes &#8211;como falta de recursos, servicios p\u00fablicos e infraestructuras, baja densidad, sobreenvejecimiento y la crisis demogr\u00e1fica&#8211;\u00ab, se\u00f1ala COCEDER.<\/p>\n<p> En concreto, COCEDER explica que la financiaci\u00f3n del Fondo Social Europeo ha llegado a 867 municipios muy peque\u00f1os, el 25% con menos de 500 habitantes afectados por la despoblaci\u00f3n, donde las personas participantes han tenido la oportunidad de mejorar su empleabilidad y cualificaci\u00f3n, que de otra forma no hubiera sido posible.<\/p>\n<p> Asimismo, a\u00f1ade que el 53% del total de personas participantes estaban desempleadas y en este tiempo el 21,15% de ellas ha conseguido un empleo. \u00abTodo ello ha sido posible mediante la orientaci\u00f3n y asesoramiento individualizado, acompa\u00f1amiento y seguimiento a la inserci\u00f3n sociolaboral y emprendimiento sostenible y con formaciones\u00bb, indica.<\/p>\n<p> Respecto a las formaciones, COCEDER agrega que se han realizado \u00aba la carta\u00bb, seg\u00fan la demanda de las personas participantes y de las empresas de los territorios, formaciones adaptadas a las peculiaridades del medio rural. Para ello, se\u00f1ala que fue necesario tener un servicio de transporte, medidas de conciliaci\u00f3n, flexibilidad de horarios o ratios reducidas, ya que no se pueden pedir las mismas ratios que en el medio urbano.<\/p>\n<p>\nCENTROS DE DESARROLLO RURAL, \u00abAGENTES CLAVE\u00bb<\/p>\n<p> Igualmente, destaca que los centros de desarrollo rural asociados a COCEDER han sido \u00abagentes clave\u00bb en el territorio, \u00abdebido a su experiencia de m\u00e1s de 30 a\u00f1os trabajando en zonas muy despobladas, posibilitando que la poblaci\u00f3n rural realice su proyecto vital\u00bb.<\/p>\n<p> En este sentido, explica que estos lugares han desarrollado e implementado proyectos adecuados a las caracter\u00edsticas de la zona. \u00abSe han utilizado otros canales de difusi\u00f3n m\u00e1s tradicionales como el boca a boca y la calidad humana del personal t\u00e9cnico, que facilita la captaci\u00f3n de personas participantes\u00bb, apunta.<\/p>\n<p> Tambi\u00e9n recalca la intervenci\u00f3n multidisciplinar, dirigida a incrementar las competencias personales, sociales y laborales y el trabajo con la persona y las m\u00faltiples causas que le ha llevado a necesitar apoyo. Adem\u00e1s, asegura que el trabajo en red tambi\u00e9n ha sido \u00abclave\u00bb, en estrecha colaboraci\u00f3n y coordinaci\u00f3n con agentes del territorio, entidades locales y empresas rurales (pymes y micro pymes) que ha llevado a firmar en este tiempo m\u00e1s de 400 convenios de colaboraci\u00f3n.<\/p>\n<p> Por otro lado, se\u00f1ala que el proyecto ha dado respuesta tambi\u00e9n a su finalidad de fijar y asentar poblaci\u00f3n, ya que ha conseguido que un total de 844 personas (365 familias) se hayan ido a vivir a un pueblo. \u00abEstas familias han recibido un asesoramiento desde el comienzo del programa para facilitar la inclusi\u00f3n social, lo que define nuestra propuesta de valor diferencial\u00bb, a\u00f1ade.<\/p>\n<p> Este programa del Ministerio de Trabajo y Econom\u00eda Social ha contado con un presupuesto de m\u00e1s de cinco millones de euros y con la cofinanciaci\u00f3n del Fondo Social Europeo con una ayuda de 3.425.000 euros.<\/p>\n","protected":false},"excerpt":{"rendered":"<p>MADRID, 29 (EUROPA PRESS) M\u00e1s de 2.704 personas mejoran su cualificaci\u00f3n en el Programa Operativo de Inclusi\u00f3n Social y Econom\u00eda Social de la Confederaci\u00f3n de Centros de Desarrollo Rural (COCEDER). El programa, cofinanciado por el Fondo Social Europeo (FSE invierte en tu futuro), se desarroll\u00f3 de 2020 a 2023 y termin\u00f3 con la participaci\u00f3n de [&hellip;]<\/p>\n","protected":false},"author":1,"featured_media":0,"comment_status":"closed","ping_status":"closed","sticky":false,"template":"","format":"standard","meta":{"footnotes":""},"categories":[],"tags":[],"class_list":["post-51606","post","type-post","status-publish","format-standard","hentry"],"_links":{"self":[{"href":"https:\/\/webciudadana.net\/index.php?rest_route=\/wp\/v2\/posts\/51606","targetHints":{"allow":["GET"]}}],"collection":[{"href":"https:\/\/webciudadana.net\/index.php?rest_route=\/wp\/v2\/posts"}],"about":[{"href":"https:\/\/webciudadana.net\/index.php?rest_route=\/wp\/v2\/types\/post"}],"author":[{"embeddable":true,"href":"https:\/\/webciudadana.net\/index.php?rest_route=\/wp\/v2\/users\/1"}],"replies":[{"embeddable":true,"href":"https:\/\/webciudadana.net\/index.php?rest_route=%2Fwp%2Fv2%2Fcomments&post=51606"}],"version-history":[{"count":0,"href":"https:\/\/webciudadana.net\/index.php?rest_route=\/wp\/v2\/posts\/51606\/revisions"}],"wp:attachment":[{"href":"https:\/\/webciudadana.net\/index.php?rest_route=%2Fwp%2Fv2%2Fmedia&parent=51606"}],"wp:term":[{"taxonomy":"category","embeddable":true,"href":"https:\/\/webciudadana.net\/index.php?rest_route=%2Fwp%2Fv2%2Fcategories&post=51606"},{"taxonomy":"post_tag","embeddable":true,"href":"https:\/\/webciudadana.net\/index.php?rest_route=%2Fwp%2Fv2%2Ftags&post=51606"}],"curies":[{"name":"wp","href":"https:\/\/api.w.org\/{rel}","templated":true}]}}