{"id":52300,"date":"2024-04-29T16:08:58","date_gmt":"2024-04-29T14:08:58","guid":{"rendered":"https:\/\/ticker-noticiasep.microcontenidos.com\/NoticiaRSS.vbhtml?user=FRND562DLP&amp;cod=20240429160858"},"modified":"2024-04-29T16:08:58","modified_gmt":"2024-04-29T14:08:58","slug":"sociedad-crue-y-la-fundacion-muy-interesante-colaboran-para-la-divulgacion-del-conocimiento-academico-y-cientifico","status":"publish","type":"post","link":"https:\/\/webciudadana.net\/?p=52300","title":{"rendered":"Sociedad: CRUE y la Fundaci\u00f3n Muy Interesante colaboran para la divulgaci\u00f3n del conocimiento acad\u00e9mico y cient\u00edfico"},"content":{"rendered":"\n<div><img decoding=\"async\" src=\"https:\/\/img.europapress.es\/fotoweb\/fotonoticia_20240429160858_300.jpg\" class=\"ff-og-image-inserted\"><\/div>\n<p>(Informaci\u00f3n remitida por la empresa firmante)<\/p>\n<p>\nEl objetivo es, no solo informar, sino tambi\u00e9n inspirar. Al compartir historias de investigaci\u00f3n, descubrimientos e innovaci\u00f3n, se espera motivar a las futuras generaciones y promover una mayor apreciaci\u00f3n por el valor del conocimiento cient\u00edfico y acad\u00e9mico<\/p>\n<p>\nMadrid, 29 de abril de 2024.-*La Conferencia de Rectores de las Universidades Espa\u00f1olas (CRUE) y la Fundaci\u00f3n Muy Interesante han iniciado una colaboraci\u00f3n estrat\u00e9gica destinada a fortalecer la divulgaci\u00f3n del conocimiento acad\u00e9mico y cient\u00edfico. Este acuerdo representa la uni\u00f3n de esfuerzos para acercar los avances y descubrimientos de los acad\u00e9micos e investigadores a una audiencia amplia, alcanzando m\u00e1s de 68 millones de personas al mes en Espa\u00f1a y Am\u00e9rica Latina.<\/p>\n<p> La colaboraci\u00f3n surge del reconocimiento mutuo de la importancia de difundir el trabajo acad\u00e9mico y cient\u00edfico de manera efectiva. La CRUE, que representa a las universidades espa\u00f1olas, y la Fundaci\u00f3n Muy Interesante, con su amplia experiencia en comunicaci\u00f3n cient\u00edfica, se comprometen a trabajar juntos para que el conocimiento trascienda los l\u00edmites acad\u00e9micos y llegue al p\u00fablico general.<\/p>\n<p> El objetivo de esta alianza es doble: por un lado, aumentar la visibilidad del trabajo que realizan los investigadores y acad\u00e9micos en las universidades espa\u00f1olas y, por otro, fomentar la curiosidad y el inter\u00e9s por la ciencia y el conocimiento en la sociedad. Para lograrlo, se utilizar\u00e1n todos los canales disponibles de la Fundaci\u00f3n Muy Interesante, desde sus publicaciones hasta sus plataformas digitales, asegurando que el contenido sea accesible y comprensible para todos.<\/p>\n<p> El objetivo es, no solo informar, sino tambi\u00e9n inspirar. Al compartir historias de investigaci\u00f3n, descubrimientos e innovaci\u00f3n, se espera motivar a las futuras generaciones y promover una mayor apreciaci\u00f3n por el valor del conocimiento cient\u00edfico y acad\u00e9mico.<\/p>\n<p> La CRUE y la Fundaci\u00f3n Muy Interesante est\u00e1n comprometidas con esta iniciativa, convencidas de que la divulgaci\u00f3n efectiva del conocimiento es fundamental para el desarrollo de una sociedad informada, cr\u00edtica y apasionada por aprender. Este acuerdo es un paso adelante hacia esa meta y marca el comienzo de una colaboraci\u00f3n fruct\u00edfera y duradera.<\/p>\n<p> Emisor: Fundaci\u00f3n Muy Interesante<\/p>\n<p>\nContacto<\/p>\n<p>\nNombre contacto: Comunicaci\u00f3n y M\u00e1s<\/p>\n<p>\nDescripci\u00f3n contacto: Comunicaci\u00f3n y M\u00e1s<\/p>\n<p>\nTel\u00e9fono de contacto: 910327364<\/p>\n","protected":false},"excerpt":{"rendered":"<p>(Informaci\u00f3n remitida por la empresa firmante) El objetivo es, no solo informar, sino tambi\u00e9n inspirar. Al compartir historias de investigaci\u00f3n, descubrimientos e innovaci\u00f3n, se espera motivar a las futuras generaciones y promover una mayor apreciaci\u00f3n por el valor del conocimiento cient\u00edfico y acad\u00e9mico Madrid, 29 de abril de 2024.-*La Conferencia de Rectores de las Universidades [&hellip;]<\/p>\n","protected":false},"author":1,"featured_media":0,"comment_status":"closed","ping_status":"closed","sticky":false,"template":"","format":"standard","meta":{"footnotes":""},"categories":[2],"tags":[],"class_list":["post-52300","post","type-post","status-publish","format-standard","hentry","category-noticias"],"_links":{"self":[{"href":"https:\/\/webciudadana.net\/index.php?rest_route=\/wp\/v2\/posts\/52300","targetHints":{"allow":["GET"]}}],"collection":[{"href":"https:\/\/webciudadana.net\/index.php?rest_route=\/wp\/v2\/posts"}],"about":[{"href":"https:\/\/webciudadana.net\/index.php?rest_route=\/wp\/v2\/types\/post"}],"author":[{"embeddable":true,"href":"https:\/\/webciudadana.net\/index.php?rest_route=\/wp\/v2\/users\/1"}],"replies":[{"embeddable":true,"href":"https:\/\/webciudadana.net\/index.php?rest_route=%2Fwp%2Fv2%2Fcomments&post=52300"}],"version-history":[{"count":0,"href":"https:\/\/webciudadana.net\/index.php?rest_route=\/wp\/v2\/posts\/52300\/revisions"}],"wp:attachment":[{"href":"https:\/\/webciudadana.net\/index.php?rest_route=%2Fwp%2Fv2%2Fmedia&parent=52300"}],"wp:term":[{"taxonomy":"category","embeddable":true,"href":"https:\/\/webciudadana.net\/index.php?rest_route=%2Fwp%2Fv2%2Fcategories&post=52300"},{"taxonomy":"post_tag","embeddable":true,"href":"https:\/\/webciudadana.net\/index.php?rest_route=%2Fwp%2Fv2%2Ftags&post=52300"}],"curies":[{"name":"wp","href":"https:\/\/api.w.org\/{rel}","templated":true}]}}