{"id":52319,"date":"2024-04-30T10:12:16","date_gmt":"2024-04-30T08:12:16","guid":{"rendered":"https:\/\/ticker-noticiasep.microcontenidos.com\/NoticiaRSS.vbhtml?user=FRND562DLP&amp;cod=20240430101216"},"modified":"2024-04-30T10:12:16","modified_gmt":"2024-04-30T08:12:16","slug":"sociedad-david-castillo-consigue-la-entrevista-mas-personal-de-zelenski-para-su-libro-la-vida-en-tiempos-de-guerra","status":"publish","type":"post","link":"https:\/\/webciudadana.net\/?p=52319","title":{"rendered":"Sociedad: David Castillo consigue la entrevista m\u00e1s personal de Zelenski para su libro &#8216;La vida en tiempos de guerra&#8217;"},"content":{"rendered":"\n<div><img decoding=\"async\" src=\"https:\/\/img.europapress.es\/fotoweb\/fotonoticia_20240430101216_300.jpg\" class=\"ff-og-image-inserted\"><\/div>\n<p>(Informaci\u00f3n remitida por la empresa firmante)<\/p>\n<p>\nEl escritor, editado por el Grupo Planeta, se muestra muy agradecido al presidente por haber respondido a todas sus preguntas sin censura y destaca que esta entrevista culmina el duro trabajo que ha supuesto entrevistar a los otros 25 testimonios que el libro incorpora junto a la entrevista de Zelenski<\/p>\n<p>\nMadrid, 30 de abril de 2024.- A d\u00eda de hoy se trata de una de las pocas entrevistas que ha concedido el presidente de Ucrania, donde habla de su lado m\u00e1s personal. Volodimir Zelenski, que en estos momentos es uno de los hombres m\u00e1s buscados y solicitados del mundo, acept\u00f3 esta entrevista despu\u00e9s de leer lo que opinaban sobre \u00e9l y su gesti\u00f3n, los otros veinticinco testimonios que participan en el libro. Acept\u00f3 y respondi\u00f3 todas las preguntas que el escritor le plante\u00f3 sin censurar ninguna de ellas.<\/p>\n<p> Se trata de un libro \u00fanico en Europa, y se presenta como un libro de personas, que no pretende ser un libro de pol\u00edtica ni sobre el conflicto hist\u00f3rico entre ambos pa\u00edses, es un texto objetivo contado por seres humanos que viven la realidad de la guerra en primera persona: \u00abindudablemente es un libro que va a emocionar a todo aquel que lo lea, porque en \u00e9l solo van a encontrar la realidad, sin cortapisas, sin filtros y sin intereses pol\u00edticos de por medio\u00bb -afirma su autor-.<\/p>\n<p> El libro contiene cap\u00edtulos cuyos t\u00edtulos evidencian que su contenido es realmente desgarrador: \u00abchicos hemos encontrado m\u00e1s carne fresca para cenar esta noche\u00bb, \u00abel mejor plan que podemos tener es continuar vivos\u00bb o \u00abtodos esos pol\u00edticos son mierda, todos deber\u00edan estar en la c\u00e1rcel\u00bb.<\/p>\n<p> Castillo ha confesado sentirse muy emocionado con que este libro haya podido ver finalmente la luz: \u00abha sido un trabajo complejo, que ha requerido muchas horas, muchos recursos y mucha fuerza para intentar mantener una estabilidad emocional durante las entrevistas que muchas veces se ha roto por la dureza de los testimonios\u00bb.<\/p>\n<p> La vida en tiempos de guerra llega como segunda obra del autor, que el a\u00f1o pasado arras\u00f3 con su primera novela As de Corazones de la que ha vendido miles de ejemplares y alcanzado los primeros puestos de &#8216;M\u00e1s vendidos&#8217; en Amazon durante semanas, adem\u00e1s ha presentado el libro en varias ciudades con \u00e9xito de p\u00fablico y ha sido recibido por autoridades tan relevantes como la alcaldesa de Par\u00eds, Anne Hidalgo, el presidente del gobierno de Andorra, Xavier Espot, o los alcaldes de Palma y Barcelona entre otras autoridades diplom\u00e1ticas.<\/p>\n<p> Sinopsis de La vida en tiempos de guerra<\/p>\n<p>\nUn libro donde los testimonios se desnudan con absoluta generosidad y comparten su historia, van a dar lo poco que a algunos les queda, porque lo mucho es su vida.<\/p>\n<p> Este libro no pretende ser ni un libro de geopol\u00edtica, ni de historia, ni de pol\u00edtica, es un libro de seres humanos. Se va a encontrar en sus p\u00e1ginas historias muy duras y muy probablemente m\u00e1s de una va a estremecer y a emocionar. Todos los relatos son escalofriantes y transmiten con todo detalle unas vivencias al l\u00edmite, un mosaico de intrahistorias que desnudan el horror de un conflicto b\u00e9lico.<\/p>\n<p> Son historias que tocan el alma del lector y el colof\u00f3n de la obra es un documento period\u00edstico de primer\u00edsimo nivel: una entrevista con el mism\u00edsimo Zelenski.<\/p>\n<p> M\u00e1s informaci\u00f3n sobre el autor en su web www.davidcastillo.net<\/p>\n<p>\nContacto<\/p>\n<p>\nNombre contacto: Noelia Fern\u00e1ndez<\/p>\n<p>\nDescripci\u00f3n contacto: Comunicaci\u00f3n David Castillo &#8211; Grupo Planeta<\/p>\n<p>\nTel\u00e9fono de contacto: 919155266<\/p>\n","protected":false},"excerpt":{"rendered":"<p>(Informaci\u00f3n remitida por la empresa firmante) El escritor, editado por el Grupo Planeta, se muestra muy agradecido al presidente por haber respondido a todas sus preguntas sin censura y destaca que esta entrevista culmina el duro trabajo que ha supuesto entrevistar a los otros 25 testimonios que el libro incorpora junto a la entrevista de [&hellip;]<\/p>\n","protected":false},"author":1,"featured_media":0,"comment_status":"closed","ping_status":"closed","sticky":false,"template":"","format":"standard","meta":{"footnotes":""},"categories":[2],"tags":[],"class_list":["post-52319","post","type-post","status-publish","format-standard","hentry","category-noticias"],"_links":{"self":[{"href":"https:\/\/webciudadana.net\/index.php?rest_route=\/wp\/v2\/posts\/52319","targetHints":{"allow":["GET"]}}],"collection":[{"href":"https:\/\/webciudadana.net\/index.php?rest_route=\/wp\/v2\/posts"}],"about":[{"href":"https:\/\/webciudadana.net\/index.php?rest_route=\/wp\/v2\/types\/post"}],"author":[{"embeddable":true,"href":"https:\/\/webciudadana.net\/index.php?rest_route=\/wp\/v2\/users\/1"}],"replies":[{"embeddable":true,"href":"https:\/\/webciudadana.net\/index.php?rest_route=%2Fwp%2Fv2%2Fcomments&post=52319"}],"version-history":[{"count":0,"href":"https:\/\/webciudadana.net\/index.php?rest_route=\/wp\/v2\/posts\/52319\/revisions"}],"wp:attachment":[{"href":"https:\/\/webciudadana.net\/index.php?rest_route=%2Fwp%2Fv2%2Fmedia&parent=52319"}],"wp:term":[{"taxonomy":"category","embeddable":true,"href":"https:\/\/webciudadana.net\/index.php?rest_route=%2Fwp%2Fv2%2Fcategories&post=52319"},{"taxonomy":"post_tag","embeddable":true,"href":"https:\/\/webciudadana.net\/index.php?rest_route=%2Fwp%2Fv2%2Ftags&post=52319"}],"curies":[{"name":"wp","href":"https:\/\/api.w.org\/{rel}","templated":true}]}}