{"id":52402,"date":"2024-05-02T11:45:55","date_gmt":"2024-05-02T09:45:55","guid":{"rendered":"https:\/\/ticker-noticiasep.microcontenidos.com\/NoticiaRSS.vbhtml?user=FRND562DLP&amp;cod=20240502114555"},"modified":"2024-05-02T11:45:55","modified_gmt":"2024-05-02T09:45:55","slug":"mundo-ifco-nombra-al-dr-sebastian-grams-como-director-digital-para-acelerar-la-transformacion-digital","status":"publish","type":"post","link":"https:\/\/webciudadana.net\/?p=52402","title":{"rendered":"Mundo: IFCO nombra al Dr. Sebastian Grams como Director Digital para acelerar la Transformaci\u00f3n Digital"},"content":{"rendered":"\n<div><img decoding=\"async\" src=\"https:\/\/img.europapress.es\/fotoweb\/fotonoticia_20240502114555_300.jpg\" class=\"ff-og-image-inserted\"><\/div>\n<p>(Informaci\u00f3n remitida por la empresa firmante)<\/p>\n<p>\nM\u00daNICH, 2 de mayo de 2024 \/PRNewswire\/ &#8212; IFCO, l\u00edder mundial en soluciones de envases reutilizables, se complace en anunciar el nombramiento del Dr. Sebastian Grams como director digital (CDO). El Dr. Grams, un ejecutivo experimentado con amplia experiencia en digitalizaci\u00f3n e innovaci\u00f3n, liderar\u00e1 los esfuerzos de transformaci\u00f3n digital de IFCO, impulsando el desarrollo de nuevos productos digitales y mejorando el valor para el cliente.<\/p>\n<p> Nacido en Heilbronn, Alemania, el Dr. Grams tiene dos t\u00edtulos en ingenier\u00eda mec\u00e1nica y un doctorado de la Universidad de Karlsruhe (KIT). Con una carrera que abarca m\u00e1s de dos d\u00e9cadas, el Dr. Grams ha ocupado varios puestos de alta direcci\u00f3n en Desarrollo T\u00e9cnico y TI\/Digitalizaci\u00f3n dentro del Grupo Volkswagen. Es reconocido por su pasi\u00f3n por la digitalizaci\u00f3n y su capacidad para impulsar el cambio organizacional.<\/p>\n<p> Un apasionado evangelista de la digitalizaci\u00f3n, el Dr. Grams ha dedicado su carrera a impulsar la innovaci\u00f3n y aprovechar la tecnolog\u00eda para crear valor. Despu\u00e9s de ser CIO de SEAT \/ CUPRA en Espa\u00f1a, el Dr. Grams se desempe\u00f1\u00f3 recientemente como Director General de Audi Sport GmbH, donde encabez\u00f3 la transformaci\u00f3n de la electrificaci\u00f3n y lanz\u00f3 los nuevos modelos Audi RS y R8, al tiempo que introdujo modelos de negocio innovadores para garantizar la preparaci\u00f3n de la compa\u00f1\u00eda para el futuro.<\/p>\n<p> \u00abEstoy encantado de unirme a IFCO y formar parte de una organizaci\u00f3n comprometida con el impulso de la sostenibilidad y la innovaci\u00f3n\u00bb, dijo el Dr. Grams. \u00abEspero aprovechar mi experiencia para acelerar el viaje de transformaci\u00f3n digital de IFCO, desarrollar productos digitales de vanguardia y mejorar el valor para el cliente\u00bb.<\/p>\n<p> A partir del 1 de mayo de 2024, el Dr. Grams se unir\u00e1 al equipo de liderazgo ejecutivo de IFCO (ELTManagement Board) como director digital, donde dirigir\u00e1 las iniciativas digitales de la empresa e impulsar\u00e1 el crecimiento en el espacio digital. Al aprovechar la experiencia del Dr. Grams, IFCO tiene como objetivo mejorar a\u00fan m\u00e1s sus capacidades digitales innovadoras en \u00e1reas como las soluciones de seguimiento y localizaci\u00f3n, garantizando la transparencia y la eficiencia en toda la cadena de suministro.<\/p>\n<p> \u00abEl Dr. Grams aporta una gran experiencia y conocimientos a IFCO, y estamos entusiasmados de que lidere nuestros esfuerzos de transformaci\u00f3n digital\u00bb, dijo Michael Pooley, CEO de IFCO. \u00abSu trayectoria comprobada en el impulso de la innovaci\u00f3n digital y el crecimiento empresarial ser\u00e1 invaluable a medida que continuamos evolucionando e innovando en la era digital\u00bb.<\/p>\n<p> Acerca de IFCO<\/p>\n<p>\nIFCO es un proveedor l\u00edder mundial de soluciones de envases reutilizables para alimentos frescos, que permite a los clientes participar en la econom\u00eda circular en 50+ pa\u00edses. IFCO opera un grupo de m\u00e1s de 380 millones de envasesreutilizables de transporte (ERT) en todo el mundo, que se utilizan para 2 mil millones de env\u00edos de frutas y verduras frescas, carne, aves, mariscos, huevos, pan y otros art\u00edculos de proveedores a minoristas de alimentos cada a\u00f1o. Los ERT de IFCO garantizan una mejor cadena de suministro de alimentos frescos al proteger la frescura y la calidad y reducir los costes, el desperdicio de alimentos y el impacto medioambiental en comparaci\u00f3n con los envases de un solo uso. M\u00e1s informaci\u00f3n en www.ifco.com | S\u00edguenos en LinkedIn @IFCO SYSTEMS<\/p>\n<p>\nFoto &#8212; https:\/\/mma.prnewswire.com\/media\/2401765\/Dr_Sebastian_Grams.jpg<\/p>\n<p>\nLogo &#8212; https:\/\/mma.prnewswire.com\/media\/1999563\/IFCO_green_logo.jpg<\/p>\n<p> View original content:https:\/\/www.prnewswire.com\/news-releases\/ifco-nombra-al-dr-sebastian-grams-como-director-digital-para-acelerar-la-transformacion-digital-302132942.html<\/p>\n","protected":false},"excerpt":{"rendered":"<p>(Informaci\u00f3n remitida por la empresa firmante) M\u00daNICH, 2 de mayo de 2024 \/PRNewswire\/ &#8212; IFCO, l\u00edder mundial en soluciones de envases reutilizables, se complace en anunciar el nombramiento del Dr. Sebastian Grams como director digital (CDO). El Dr. Grams, un ejecutivo experimentado con amplia experiencia en digitalizaci\u00f3n e innovaci\u00f3n, liderar\u00e1 los esfuerzos de transformaci\u00f3n digital [&hellip;]<\/p>\n","protected":false},"author":1,"featured_media":0,"comment_status":"closed","ping_status":"closed","sticky":false,"template":"","format":"standard","meta":{"footnotes":""},"categories":[2],"tags":[],"class_list":["post-52402","post","type-post","status-publish","format-standard","hentry","category-noticias"],"_links":{"self":[{"href":"https:\/\/webciudadana.net\/index.php?rest_route=\/wp\/v2\/posts\/52402","targetHints":{"allow":["GET"]}}],"collection":[{"href":"https:\/\/webciudadana.net\/index.php?rest_route=\/wp\/v2\/posts"}],"about":[{"href":"https:\/\/webciudadana.net\/index.php?rest_route=\/wp\/v2\/types\/post"}],"author":[{"embeddable":true,"href":"https:\/\/webciudadana.net\/index.php?rest_route=\/wp\/v2\/users\/1"}],"replies":[{"embeddable":true,"href":"https:\/\/webciudadana.net\/index.php?rest_route=%2Fwp%2Fv2%2Fcomments&post=52402"}],"version-history":[{"count":0,"href":"https:\/\/webciudadana.net\/index.php?rest_route=\/wp\/v2\/posts\/52402\/revisions"}],"wp:attachment":[{"href":"https:\/\/webciudadana.net\/index.php?rest_route=%2Fwp%2Fv2%2Fmedia&parent=52402"}],"wp:term":[{"taxonomy":"category","embeddable":true,"href":"https:\/\/webciudadana.net\/index.php?rest_route=%2Fwp%2Fv2%2Fcategories&post=52402"},{"taxonomy":"post_tag","embeddable":true,"href":"https:\/\/webciudadana.net\/index.php?rest_route=%2Fwp%2Fv2%2Ftags&post=52402"}],"curies":[{"name":"wp","href":"https:\/\/api.w.org\/{rel}","templated":true}]}}