{"id":52406,"date":"2024-05-02T13:27:44","date_gmt":"2024-05-02T11:27:44","guid":{"rendered":"https:\/\/ticker-noticiasep.microcontenidos.com\/NoticiaRSS.vbhtml?user=FRND562DLP&amp;cod=20240502132744"},"modified":"2024-05-02T13:27:44","modified_gmt":"2024-05-02T11:27:44","slug":"bureau-vallee-crece-un-195-sobre-ventas-en-2023","status":"publish","type":"post","link":"https:\/\/webciudadana.net\/?p=52406","title":{"rendered":"Bureau Vall\u00e9e crece un 19,5% sobre ventas en 2023"},"content":{"rendered":"\n<div><img decoding=\"async\" src=\"https:\/\/img.europapress.es\/fotoweb\/fotonoticia_20240502132744_300.jpg\" class=\"ff-og-image-inserted\"><\/div>\n<p>(Informaci\u00f3n remitida por la empresa firmante)<\/p>\n<p>\nBureau Vall\u00e9e experiementa un impresionante crecimiento del 19,5% en ventas durante el a\u00f1o 2023. Este a\u00f1o cerr\u00f3 con un total de 29 establecimientos en Espa\u00f1a y una facturaci\u00f3n r\u00e9cord de 15,3 millones de euros, desde abril de 2023 hasta marzo de 2024, superando las previsiones de ventas establecidas por la compa\u00f1\u00eda. Estas cifras reflejan la confianza depositada por los clientes y confirman el \u00e9xito del concepto \u00abdiscount\u00bb.<\/p>\n<p> El crecimiento en tiendas comparables fue del 11%, dos puntos porcentuales m\u00e1s que el a\u00f1o anterior, lo cual es un indicador relevante en t\u00e9rminos de ventas a pesar de la alta inflaci\u00f3n en 2023.<\/p>\n<p> Reforzado por la puesta en marcha del plan estrat\u00e9gico 23-26 que pretende elevar la compa\u00f1\u00eda al siguiente nivel dentro del mercado espa\u00f1ol.<\/p>\n<p> Se refuerza la expansi\u00f3n con 4 nuevas aperturas.<\/p>\n<p> La expansi\u00f3n se ha visto reforzada con la apertura de 4 nuevas tiendas, lo que contribuy\u00f3 significativamente al aumento de las ventas y consolid\u00f3 la red de franquicia en el pa\u00eds. Estas aperturas se llevaron a cabo continuando as\u00ed la estrategia lanzada en 2020, marcando como zonas clave, Catalu\u00f1a, Pa\u00eds Vasco y Comunidad Valenciana.<\/p>\n<p> En el Pa\u00eds Vasco, se abri\u00f3 la tercera tienda en la localidad de Basauri, Catalu\u00f1a inaugur\u00f3 su tienda 15\u00aa con un nuevo punto de venta en el Vendrell (Tarragona), en Comunitat Valenciana se sum\u00f3 la sexta tienda con un concepto urbano en el centro de Valencia, y se abri\u00f3 el mercado en Asturias con la inauguraci\u00f3n de la primera mediana superficie en la ciudad de Gij\u00f3n.<\/p>\n<p> En un escenario de incertidumbre debido a la alta inflaci\u00f3n y los conflictos en Rusia-Ucrania e Israel-Palestina Bureau Vall\u00e9e ha mantenido su apuesta firme por precios bajos, primeras marcas de mercado y un compromiso con el medio ambiente con acciones como la recompra de cartuchos, la venta a granel y la reutilizaci\u00f3n de mochilas, impresoras o cartuchos han sido clave para ampliar cuota de mercado. Este \u00e9xito en la expansi\u00f3n de la red de tiendas demuestra el s\u00f3lido crecimiento y la demanda continua de productos y servicios en toda Espa\u00f1a.<\/p>\n<p> Estrategias de futuro: Junto al plan estrat\u00e9gico lanzado en 2023 que dar\u00e1 continuidad hasta el ejercicio 2026, una nueva Flagship y la implementaci\u00f3n de una nueva web.<\/p>\n<p> Las nuevas instalaciones centrales de 1.500?m*, junto con la estrategia digital, son se\u00f1ales de futuro. La construcci\u00f3n de estas nuevas instalaciones para la central de Bureau Vall\u00e9e Espa\u00f1a, junto con una nueva tienda en Vilanova i la Geltr\u00fa (Barcelona), es una realidad que se materializar\u00e1 con su apertura el 27 de junio de 2024. Con la construcci\u00f3n de un parque comercial de 5000?m* que albergan 4 nuevos operadores junto a las instalaciones Bureau Vall\u00e9e Espa\u00f1a consolidan la apuestan en el pa\u00eds por parte de la marca.<\/p>\n<p> Otra estrategia que pronto ver\u00e1 la luz es la implementaci\u00f3n de la nueva p\u00e1gina web, la cual contar\u00e1 con una de las mejores plataformas del mercado y mejorar\u00e1 la experiencia cliente. Con m\u00e1s de 8000 referencias disponibles, la nueva web ofrecer\u00e1 servicios integrados en l\u00ednea, como opciones de copister\u00eda y ayuda para encontrar el cartucho adecuado para cada impresora. Estas nuevas funcionalidades proporcionar\u00e1n una experiencia cliente a\u00fan m\u00e1s satisfactoria.<\/p>\n<p>\nContacto.<\/p>\n<p>\nNombre contacto: LAURA ALARCON AGUIRRE.<\/p>\n<p>\nDescripci\u00f3n contacto: Bureau Vall\u00e9e Espa\u00f1a, Responsable de Expansi\u00f3n.<\/p>\n<p>\nTel\u00e9fono de contacto: 665109941. <\/p>\n","protected":false},"excerpt":{"rendered":"<p>(Informaci\u00f3n remitida por la empresa firmante) Bureau Vall\u00e9e experiementa un impresionante crecimiento del 19,5% en ventas durante el a\u00f1o 2023. Este a\u00f1o cerr\u00f3 con un total de 29 establecimientos en Espa\u00f1a y una facturaci\u00f3n r\u00e9cord de 15,3 millones de euros, desde abril de 2023 hasta marzo de 2024, superando las previsiones de ventas establecidas por [&hellip;]<\/p>\n","protected":false},"author":1,"featured_media":0,"comment_status":"closed","ping_status":"closed","sticky":false,"template":"","format":"standard","meta":{"footnotes":""},"categories":[2],"tags":[],"class_list":["post-52406","post","type-post","status-publish","format-standard","hentry","category-noticias"],"_links":{"self":[{"href":"https:\/\/webciudadana.net\/index.php?rest_route=\/wp\/v2\/posts\/52406","targetHints":{"allow":["GET"]}}],"collection":[{"href":"https:\/\/webciudadana.net\/index.php?rest_route=\/wp\/v2\/posts"}],"about":[{"href":"https:\/\/webciudadana.net\/index.php?rest_route=\/wp\/v2\/types\/post"}],"author":[{"embeddable":true,"href":"https:\/\/webciudadana.net\/index.php?rest_route=\/wp\/v2\/users\/1"}],"replies":[{"embeddable":true,"href":"https:\/\/webciudadana.net\/index.php?rest_route=%2Fwp%2Fv2%2Fcomments&post=52406"}],"version-history":[{"count":0,"href":"https:\/\/webciudadana.net\/index.php?rest_route=\/wp\/v2\/posts\/52406\/revisions"}],"wp:attachment":[{"href":"https:\/\/webciudadana.net\/index.php?rest_route=%2Fwp%2Fv2%2Fmedia&parent=52406"}],"wp:term":[{"taxonomy":"category","embeddable":true,"href":"https:\/\/webciudadana.net\/index.php?rest_route=%2Fwp%2Fv2%2Fcategories&post=52406"},{"taxonomy":"post_tag","embeddable":true,"href":"https:\/\/webciudadana.net\/index.php?rest_route=%2Fwp%2Fv2%2Ftags&post=52406"}],"curies":[{"name":"wp","href":"https:\/\/api.w.org\/{rel}","templated":true}]}}