{"id":52412,"date":"2024-05-02T17:09:08","date_gmt":"2024-05-02T15:09:08","guid":{"rendered":"https:\/\/ticker-noticiasep.microcontenidos.com\/NoticiaRSS.vbhtml?user=FRND562DLP&amp;cod=20240502170908"},"modified":"2024-05-02T17:09:08","modified_gmt":"2024-05-02T15:09:08","slug":"mundo-csl-anuncia-el-nombramiento-de-greville-coe-como-director-comercial","status":"publish","type":"post","link":"https:\/\/webciudadana.net\/?p=52412","title":{"rendered":"Mundo: CSL anuncia el nombramiento de Greville Coe como director comercial"},"content":{"rendered":"\n<div><img decoding=\"async\" src=\"https:\/\/img.europapress.es\/fotoweb\/fotonoticia_20240502170908_300.jpg\" class=\"ff-og-image-inserted\"><\/div>\n<p>(Informaci\u00f3n remitida por la empresa firmante)<\/p>\n<p>\n&#8212; Los expertos en conectividad de IOT cr\u00edtica, CSL, se complacen anunciar el nombramiento de Greville Coe como director comercial <\/p>\n<p>\nLONDRES, 2 de mayo de 2024 \/PRNewswire\/ &#8212; Greville ser\u00e1 responsable de impulsar la futura estrategia de crecimiento de CSL en torno a nuevos mercados y expansi\u00f3n geogr\u00e1fica. Greville aporta una gran experiencia comercial y de ventas a CSL, ya que anteriormente sirvi\u00f3 como director general de la divisi\u00f3n telem\u00e1tica de Radius durante siete a\u00f1os.<\/p>\n<p> Jug\u00f3 un papel decisivo en el impulso del negocio a trav\u00e9s de adquisiciones estrat\u00e9gicas e iniciativas de crecimiento org\u00e1nico, ampliando la presencia de la empresa a nivel mundial. Greville coment\u00f3: \u00abCSL es una empresa de r\u00e1pido crecimiento con un equipo de liderazgo din\u00e1mico y una cultura pr\u00f3spera. Estoy emocionado de aprovechar mi experiencia aqu\u00ed, ayudando a hacer realidad las ambiciones de crecimiento de CSL\u00bb.<\/p>\n<p> Ed Heale, consejero delegado de CSL, coment\u00f3: \u00abGreville tiene un historial comprobado de ampliaci\u00f3n de negocios e impulso de un crecimiento significativo. Ser\u00e1 fundamental para desarrollar y fortalecer nuestra funci\u00f3n comercial para garantizar que sigamos ofreciendo a nuestros clientes los servicios y el soporte que necesitan\u00bb.<\/p>\n<p> Durante 30 a\u00f1os, CSL ha sido el proveedor l\u00edder europeo de conectividad cr\u00edtica. Hoy en d\u00eda, tienen m\u00e1s de 2,5 millones de conexiones y brindan soluciones de ruta \u00fanica o m\u00faltiple totalmente administradas para conectar cualquier aplicaci\u00f3n de IoT cr\u00edtica para la vida, la misi\u00f3n o el negocio. Estas van desde aplicaciones que salvan vidas o respaldan procesos operativos cruciales. Tras ser pioneros en la transici\u00f3n de la conectividad por cable a la inal\u00e1mbrica en los sectores de seguridad y salud, ahora desempe\u00f1an un papel crucial en el ecosistema de infraestructura nacional cr\u00edtica con soluciones implementadas a escala en todos los sectores.<\/p>\n<p> Descubra m\u00e1s sobre nuestras soluciones IoT.<\/p>\n<p> Foto &#8211; https:\/\/mma.prnewswire.com\/media\/2403530\/CSL_Group.jpg<\/p>\n<p>\nLogo &#8212; https:\/\/mma.prnewswire.com\/media\/2403578\/CSL_Group_Logo.jpg<\/p>\n<p> View original content:https:\/\/www.prnewswire.com\/news-releases\/csl-anuncia-el-nombramiento-de-greville-coe-como-director-comercial-302134700.html<\/p>\n","protected":false},"excerpt":{"rendered":"<p>(Informaci\u00f3n remitida por la empresa firmante) &#8212; Los expertos en conectividad de IOT cr\u00edtica, CSL, se complacen anunciar el nombramiento de Greville Coe como director comercial LONDRES, 2 de mayo de 2024 \/PRNewswire\/ &#8212; Greville ser\u00e1 responsable de impulsar la futura estrategia de crecimiento de CSL en torno a nuevos mercados y expansi\u00f3n geogr\u00e1fica. Greville [&hellip;]<\/p>\n","protected":false},"author":1,"featured_media":0,"comment_status":"closed","ping_status":"closed","sticky":false,"template":"","format":"standard","meta":{"footnotes":""},"categories":[2],"tags":[],"class_list":["post-52412","post","type-post","status-publish","format-standard","hentry","category-noticias"],"_links":{"self":[{"href":"https:\/\/webciudadana.net\/index.php?rest_route=\/wp\/v2\/posts\/52412","targetHints":{"allow":["GET"]}}],"collection":[{"href":"https:\/\/webciudadana.net\/index.php?rest_route=\/wp\/v2\/posts"}],"about":[{"href":"https:\/\/webciudadana.net\/index.php?rest_route=\/wp\/v2\/types\/post"}],"author":[{"embeddable":true,"href":"https:\/\/webciudadana.net\/index.php?rest_route=\/wp\/v2\/users\/1"}],"replies":[{"embeddable":true,"href":"https:\/\/webciudadana.net\/index.php?rest_route=%2Fwp%2Fv2%2Fcomments&post=52412"}],"version-history":[{"count":0,"href":"https:\/\/webciudadana.net\/index.php?rest_route=\/wp\/v2\/posts\/52412\/revisions"}],"wp:attachment":[{"href":"https:\/\/webciudadana.net\/index.php?rest_route=%2Fwp%2Fv2%2Fmedia&parent=52412"}],"wp:term":[{"taxonomy":"category","embeddable":true,"href":"https:\/\/webciudadana.net\/index.php?rest_route=%2Fwp%2Fv2%2Fcategories&post=52412"},{"taxonomy":"post_tag","embeddable":true,"href":"https:\/\/webciudadana.net\/index.php?rest_route=%2Fwp%2Fv2%2Ftags&post=52412"}],"curies":[{"name":"wp","href":"https:\/\/api.w.org\/{rel}","templated":true}]}}