{"id":52431,"date":"2024-05-03T16:36:34","date_gmt":"2024-05-03T14:36:34","guid":{"rendered":"https:\/\/ticker-noticiasep.microcontenidos.com\/NoticiaRSS.vbhtml?user=FRND562DLP&amp;cod=20240503163634"},"modified":"2024-05-03T16:36:34","modified_gmt":"2024-05-03T14:36:34","slug":"sociedad-ii-congreso-internacional-de-la-economia-plateada","status":"publish","type":"post","link":"https:\/\/webciudadana.net\/?p=52431","title":{"rendered":"Sociedad: II Congreso Internacional de la Econom\u00eda Plateada"},"content":{"rendered":"\n<div><img decoding=\"async\" src=\"https:\/\/img.europapress.es\/fotoweb\/fotonoticia_20240503163634_300.jpg\" class=\"ff-og-image-inserted\"><\/div>\n<p>(Informaci\u00f3n remitida por la empresa firmante)<\/p>\n<p>\nMadrid, 3 de mayo de 2024.- La Silver Economy o Econom\u00eda Plateada se refiere al conjunto de oportunidades derivadas del impacto econ\u00f3mico y social de las actividades realizadas y demandadas por la poblaci\u00f3n mayor de 55 a\u00f1os. Se enfoca en adaptar productos y servicios para personas mayores, promover su bienestar y participaci\u00f3n social, generar empleo y fomentar la innovaci\u00f3n en sectores relacionados con el envejecimiento de la poblaci\u00f3n.<\/p>\n<p> En Espa\u00f1a, m\u00e1s de ocho millones y medio de personas mayores de 65 a\u00f1os contribuyen a este segmento de la econom\u00eda. A nivel global, seg\u00fan datos de la Organizaci\u00f3n de Naciones Unidas, en 2030 se espera que 1.400 millones de personas superen los 60 a\u00f1os, un aumento del 46% respecto a la actualidad.<\/p>\n<p> Todas estas casu\u00edsticas ser\u00e1n debatidas el pr\u00f3ximo 22 de mayo, donde se celebrar\u00e1 el 2\u00ba Congreso de la Econom\u00eda Plateada en Badajoz (Extremadura), cuyo objetivo es proporcionar un espacio de reflexi\u00f3n y di\u00e1logo sobre c\u00f3mo la Econom\u00eda Plateada y c\u00f3mo puede contribuir al bienestar y la calidad de vida de las personas mayores.<\/p>\n<p> Este evento reunir\u00e1 a expertos y l\u00edderes del sector de diversos campos: salud, digitalizaci\u00f3n, econom\u00eda, sostenibilidad; junto a las distintas organizaciones que estar\u00e1n presentes, como las administraciones p\u00fablicas, centros de investigaci\u00f3n, empresas y familias, para discutir y explorar todas las facetas relacionadas con la Silver Economy.<\/p>\n<p> El Congreso contendr\u00e1 conferencias magistrales, zonas expositivas, mesas de debate, espacios de innovaci\u00f3n abierta y exposiciones de proyectos l\u00edderes que mejoran la calidad de vida a trav\u00e9s de diferentes organizaciones e instituciones.<\/p>\n<p> El evento, que ser\u00e1 inaugurado por la Presidenta de la Junta de Extremadura, Mar\u00eda Guardiola, contar\u00e1 con diferentes ponentes del sector, tales como:<\/p>\n<p>\nJos\u00e9 Manuel Inchausti, Vicepresidente del Consejo de Administraci\u00f3n de Mapfre.<\/p>\n<p> I\u00f1aki Ortega, Consejero Asesor del Centro de Investigaci\u00f3n Ageingnomics, Director General de LLYC en Madrid.<\/p>\n<p> B\u00e1rbara Rey Actis: Experta en Longevidad, con su lema de \u00abNueva Longevidad, Paradigmas en los que Vivimos\u00bb<\/p>\n<p>\nJuan Fern\u00e1ndez Palacios, Director del Centro de Investigaci\u00f3n Ageingnomics de Fundaci\u00f3n Mapfre, que hablar\u00e1 sobre \u00abOportunidades de la Econom\u00eda Plateada en Nuestra Tierra\u00bb.<\/p>\n<p> Sara Ulla D\u00edez, Coordinadora de Estudios y Apoyo T\u00e9cnico. Instituto de Mayores y Servicios Sociales (IMSERSO). Hablar\u00e1 sobre \u00abCombatir la Soledad no deseada desde los Espacios Amigables con las Personas Mayores\u00bb.<\/p>\n<p> Alberto Bokos Z\u00e1rraga, Consultor de Econom\u00eda de la Longevidad en Plataforma 50, con su tema \u00abEl Valor Senior: Emprendimiento y Empleo para Personas Mayores\u00bb.<\/p>\n<p> M\u00aa Monta\u00f1a Rom\u00e1n, que hablar\u00e1 sobre \u00abSalud y Cuidados a Largo Plazo\u00bb<\/p>\n<p>\nEl II Congreso Internacional de la Econom\u00eda Plateada, promovido y ejecutado gracias al apoyo de la Junta de Extremadura, la Diputaci\u00f3n de Badajoz y patrocinadores como MAPFRE, Cajalmendralejo, la Consultora Internacional Saluus, la C\u00e1mara de Badajoz, REDEX, entre otros, organizado por Adiper, representa una oportunidad \u00fanica para dar a conocer diversos proyectos, luchar contra el edadismo y promover un envejecimiento activo y saludable para toda nuestra comunidad.<\/p>\n<p> Contacto<\/p>\n<p>\nNombre contacto: Adiper<\/p>\n<p>\nDescripci\u00f3n contacto: Gabinete Period\u00edstico<\/p>\n<p>\nEmail de contacto: comunicados@prensaymedios.com<\/p>\n","protected":false},"excerpt":{"rendered":"<p>(Informaci\u00f3n remitida por la empresa firmante) Madrid, 3 de mayo de 2024.- La Silver Economy o Econom\u00eda Plateada se refiere al conjunto de oportunidades derivadas del impacto econ\u00f3mico y social de las actividades realizadas y demandadas por la poblaci\u00f3n mayor de 55 a\u00f1os. Se enfoca en adaptar productos y servicios para personas mayores, promover su [&hellip;]<\/p>\n","protected":false},"author":1,"featured_media":0,"comment_status":"closed","ping_status":"closed","sticky":false,"template":"","format":"standard","meta":{"footnotes":""},"categories":[2],"tags":[],"class_list":["post-52431","post","type-post","status-publish","format-standard","hentry","category-noticias"],"_links":{"self":[{"href":"https:\/\/webciudadana.net\/index.php?rest_route=\/wp\/v2\/posts\/52431","targetHints":{"allow":["GET"]}}],"collection":[{"href":"https:\/\/webciudadana.net\/index.php?rest_route=\/wp\/v2\/posts"}],"about":[{"href":"https:\/\/webciudadana.net\/index.php?rest_route=\/wp\/v2\/types\/post"}],"author":[{"embeddable":true,"href":"https:\/\/webciudadana.net\/index.php?rest_route=\/wp\/v2\/users\/1"}],"replies":[{"embeddable":true,"href":"https:\/\/webciudadana.net\/index.php?rest_route=%2Fwp%2Fv2%2Fcomments&post=52431"}],"version-history":[{"count":0,"href":"https:\/\/webciudadana.net\/index.php?rest_route=\/wp\/v2\/posts\/52431\/revisions"}],"wp:attachment":[{"href":"https:\/\/webciudadana.net\/index.php?rest_route=%2Fwp%2Fv2%2Fmedia&parent=52431"}],"wp:term":[{"taxonomy":"category","embeddable":true,"href":"https:\/\/webciudadana.net\/index.php?rest_route=%2Fwp%2Fv2%2Fcategories&post=52431"},{"taxonomy":"post_tag","embeddable":true,"href":"https:\/\/webciudadana.net\/index.php?rest_route=%2Fwp%2Fv2%2Ftags&post=52431"}],"curies":[{"name":"wp","href":"https:\/\/api.w.org\/{rel}","templated":true}]}}