{"id":52435,"date":"2024-05-04T15:22:21","date_gmt":"2024-05-04T13:22:21","guid":{"rendered":"https:\/\/ticker-noticiasep.microcontenidos.com\/NoticiaRSS.vbhtml?user=FRND562DLP&amp;cod=20240504152221"},"modified":"2024-05-04T15:22:21","modified_gmt":"2024-05-04T13:22:21","slug":"sociedad-cerca-de-400-personas-participan-en-las-ii-jornadas-de-acompanamiento-familiar-de-uic-barcelona","status":"publish","type":"post","link":"https:\/\/webciudadana.net\/?p=52435","title":{"rendered":"Sociedad: Cerca de 400 personas participan en las II Jornadas de Acompa\u00f1amiento Familiar de UIC Barcelona"},"content":{"rendered":"\n<div><img decoding=\"async\" src=\"https:\/\/img.europapress.es\/fotoweb\/fotonoticia_20240504152221_300.jpg\" class=\"ff-og-image-inserted\"><\/div>\n<p>(Informaci\u00f3n remitida por la empresa firmante)<\/p>\n<p>\nEl objetivo de las sesiones, que han finalizado este mediod\u00eda, ha sido ofrecer un espacio que sirviera de marco para el intercambio de ideas y buenas pr\u00e1cticas en el \u00e1mbito del acompa\u00f1amiento familiar.<\/p>\n<p>\nDos a\u00f1os despu\u00e9s del 1er Workshop de Acompa\u00f1amiento Familiar, que cont\u00f3 con m\u00e1s de 800 participantes de 50 pa\u00edses, el Instituto de Estudios Superiores de la Familia ha organizado esta jornada, en el marco del D\u00eda Internacional de la Familia -que se celebra cada 15 de mayo- y de la celebraci\u00f3n del vig\u00e9simo aniversario de su fundaci\u00f3n.<\/p>\n<p>\nEn esta segunda edici\u00f3n, titulada &#8216;Acompa\u00f1ar a familias imperfectas&#8217;, han intervenido ponentes expertos en acompa\u00f1amiento familiar como la neuropsiquiatra italiana Mariolina Ceriotti, Juan Jos\u00e9 P\u00e9rez Soba y Gabriella Gambino.<\/p>\n<p> Barcelona, 4 de mayo de 2024.- El Instituto de Estudios Superiores de la Familia (IESF) de la Universitat Internacional de Catalunya (UIC Barcelona), con el apoyo de la Fundaci\u00f3n Joaquim Molins Figueras, ha organizado el 3 y 4 de mayo las II Jornadas de Acompa\u00f1amiento Familiar con el objetivo de ayudar en la formaci\u00f3n de personas que se dedican o desean dedicarse a la tarea del acompa\u00f1amiento familiar. Durante dos d\u00edas, cerca de 400 participantes de toda Espa\u00f1a se han dado cita en UIC Barcelona para ofrecer un espacio de intercambio de ideas y buenas pr\u00e1cticas en el \u00e1mbito del acompa\u00f1amiento familiar.<\/p>\n<p> Las jornadas, que se han celebrado en el marco del D\u00eda Internacional de la Familia, han coincidido adem\u00e1s con dos aniversarios: el 30 aniversario del A\u00f1o Internacional de la Familia declarado en 1994 por la Organizaci\u00f3n de Naciones Unidas, y el 20 aniversario del Instituto de Estudios Superiores de la Familia, que inici\u00f3 su andadura en 2004. En palabras de la directora del Instituto de Estudios Superiores de la Familia, Montserrat Gas, el prop\u00f3sito de este congreso es \u00abseguir promoviendo un cambio en la actitud de quienes trabajan en el \u00e1mbito del acompa\u00f1amiento familiar, con una actitud optimista\u00bb, siempre destacando \u00abla importancia de la familia que, aunque con dificultades, es el n\u00facleo de la sociedad, y es por eso que en ellas hay que focalizar los esfuerzos\u00bb.<\/p>\n<p> El programa ha contado con las ponencias de car\u00e1cter te\u00f3rico-formativo de expertos del mundo de la medicina, la psicolog\u00eda, el \u00e1mbito pastoral y la comunicaci\u00f3n, entre otros. Mariolina Ceriotti, neuropsiquiatra milanesa; Juan Jos\u00e9 P\u00e9rez Soba, te\u00f3logo, sacerdote, profesor del Pontificio Instituto Juan Pablo II para la Familia y Gabriella Gambino, subsecretaria del Dicasterio para los laicos, la familia y la vida, han sido los ponentes principales de estas jornadas.<\/p>\n<p> La neuropsiquiatra Mariolina Ceriotti en su ponencia de hoy, titulada &#8216;El desaf\u00edo del amor para siempre&#8217;, ha remarcado la importancia de un amor para toda la vida si se quiere una vida rica y profunda: \u00abEn el amor para siempre no existe la persona \u00abadecuada\u00bb solo la persona que \u00abeliges\u00bb. Puedes aprender a elegirla de nuevo, un d\u00eda tras otro porque el \u00abpara siempre\u00bb se encuentra en el presente. El peor de los d\u00edas termina y ma\u00f1ana ser\u00e1 siempre un d\u00eda nuevo que depende de nosotros\u00bb.<\/p>\n<p> Ceriotti particip\u00f3 tambi\u00e9n el congreso ayer viernes, 3 de mayo, con una ponencia sobre la identidad personal y la madurez afectiva. La experta hizo un repaso por las etapas vitales y afirm\u00f3 que \u00abno hay contradicci\u00f3n entre la idea de un yo fuerte y la idea de ser capaces de convertirse en personas humildes, yendo a contracorriente y acogiendo a cualquier persona\u00bb.<\/p>\n<p> Por su parte, Gambino ha explicado el proyecto Family Global Compact, una iniciativa mundial para la promoci\u00f3n de la familia. En su intervenci\u00f3n ha compartido los temas que m\u00e1s llaman la atenci\u00f3n de este proyecto, que re\u00fane universidades de todo el mundo trabajando por el acompa\u00f1amiento de la familia. Por su parte, P\u00e9rez Soba, en su presentaci\u00f3n ha hablado de la necesidad del acompa\u00f1amiento de una forma anticipada en la sociedad en que vivimos: \u00abEsta es la soluci\u00f3n para la herida fundamental del mundo actual, que es la soledad, algo que tambi\u00e9n afecta a las familias, por lo que el acompa\u00f1amiento es una buena noticia para todos\u00bb.<\/p>\n<p> Adem\u00e1s, el congreso ha reunido en una mesa redonda a diferentes expertos del sector e influencers, todos ellos alumni del Posgrado en Acompa\u00f1amiento y Orientaci\u00f3n Familiar, que han compartido con los asistentes su experiencia personal y profesional tras a\u00f1os de trabajo con las familias, as\u00ed como sus proyectos e iniciativas innovadoras para realizar la labor de acompa\u00f1amiento.<\/p>\n<p> El rector de UIC Barcelona, Alfonso M\u00e9ndiz, inaugur\u00f3 ayer viernes las jornadas recordando la 1a edici\u00f3n del workshop de 2022, que \u00abmarc\u00f3 un antes y despu\u00e9s en el \u00e1mbito del acompa\u00f1amiento familiar\u00bb, con m\u00e1s de 800 participantes de 50 pa\u00edses de todo el mundo.<\/p>\n<p> Asimismo, hizo referencia a las palabras del fil\u00f3sofo Rafael Alvira, quien defini\u00f3 la familia como \u00abel lugar al que se vuelve\u00bb, haciendo un s\u00edmil entre ella y UIC Barcelona: \u00abuna gran reuni\u00f3n familiar\u00bb. La directora del IESF, Montse Gas, ha clausurado el congreso agradeciendo a todos los asistentes su participaci\u00f3n activa y recordando el sentido de estas jornadas de reflexi\u00f3n como motor para seguir trabajando en el acompa\u00f1amiento familiar y para visibilizar la importancia vital que tienen dentro de la sociedad actual.<\/p>\n<p>\nSobre IESF.<\/p>\n<p> El Instituto de Estudios Superiores de la Familia (IESF) nace el a\u00f1o 2004 en el seno de la Universitat Internacional de Catalunya, con el impulso y el apoyo de la Fundaci\u00f3n Joaquim Molins Figueras. Se trata del primer instituto en Espa\u00f1a, de rango universitario, que tiene como objeto principal de su actividad las pol\u00edticas familiares. La investigaci\u00f3n, la docencia, la difusi\u00f3n, el trabajo en red y el asesoramiento con entidades p\u00fablicas y privadas son las tareas que resumen el trabajo ordinario del IESF. Entre sus estudios, ofrece un Postgrado en Matrimonio y Educaci\u00f3n Familiar que tiene como objetivo ofrecer una s\u00f3lida base antropol\u00f3gica sobre la que sea posible construir una cultura de la vida en la pol\u00edtica, la educaci\u00f3n y la familia.<\/p>\n<p> Sobre UIC Barcelona.<\/p>\n<p> La Universitat Internacional de Catalunya (UIC Barcelona) naci\u00f3 en 1997 con el objetivo de ofrecer una formaci\u00f3n universitaria de calidad y promover la investigaci\u00f3n como servicio a la sociedad. Ligada al mundo empresarial y con un marcado car\u00e1cter internacional, imparte diecis\u00e9is grados, 12 dobles grados, 38 dobles titulaciones internacionales y m\u00e1s de 70 programas de posgrado en sus dos campus, situados en Barcelona y Sant Cugat del Vall\u00e8s.<\/p>\n<p>\nElena Castellarnau Jefe de Prensa UIC Barcelona T. +34 932 541 800 \/ elenac@uic.es.<\/p>\n<p>\nwww.uic.es.<\/p>\n<p>\n@UICbarcelona .<\/p>\n","protected":false},"excerpt":{"rendered":"<p>(Informaci\u00f3n remitida por la empresa firmante) El objetivo de las sesiones, que han finalizado este mediod\u00eda, ha sido ofrecer un espacio que sirviera de marco para el intercambio de ideas y buenas pr\u00e1cticas en el \u00e1mbito del acompa\u00f1amiento familiar. Dos a\u00f1os despu\u00e9s del 1er Workshop de Acompa\u00f1amiento Familiar, que cont\u00f3 con m\u00e1s de 800 participantes [&hellip;]<\/p>\n","protected":false},"author":1,"featured_media":0,"comment_status":"closed","ping_status":"closed","sticky":false,"template":"","format":"standard","meta":{"footnotes":""},"categories":[2],"tags":[],"class_list":["post-52435","post","type-post","status-publish","format-standard","hentry","category-noticias"],"_links":{"self":[{"href":"https:\/\/webciudadana.net\/index.php?rest_route=\/wp\/v2\/posts\/52435","targetHints":{"allow":["GET"]}}],"collection":[{"href":"https:\/\/webciudadana.net\/index.php?rest_route=\/wp\/v2\/posts"}],"about":[{"href":"https:\/\/webciudadana.net\/index.php?rest_route=\/wp\/v2\/types\/post"}],"author":[{"embeddable":true,"href":"https:\/\/webciudadana.net\/index.php?rest_route=\/wp\/v2\/users\/1"}],"replies":[{"embeddable":true,"href":"https:\/\/webciudadana.net\/index.php?rest_route=%2Fwp%2Fv2%2Fcomments&post=52435"}],"version-history":[{"count":0,"href":"https:\/\/webciudadana.net\/index.php?rest_route=\/wp\/v2\/posts\/52435\/revisions"}],"wp:attachment":[{"href":"https:\/\/webciudadana.net\/index.php?rest_route=%2Fwp%2Fv2%2Fmedia&parent=52435"}],"wp:term":[{"taxonomy":"category","embeddable":true,"href":"https:\/\/webciudadana.net\/index.php?rest_route=%2Fwp%2Fv2%2Fcategories&post=52435"},{"taxonomy":"post_tag","embeddable":true,"href":"https:\/\/webciudadana.net\/index.php?rest_route=%2Fwp%2Fv2%2Ftags&post=52435"}],"curies":[{"name":"wp","href":"https:\/\/api.w.org\/{rel}","templated":true}]}}