{"id":52451,"date":"2024-05-06T11:27:37","date_gmt":"2024-05-06T09:27:37","guid":{"rendered":"https:\/\/ticker-noticiasep.microcontenidos.com\/NoticiaRSS.vbhtml?user=FRND562DLP&amp;cod=20240506112737"},"modified":"2024-05-06T11:27:37","modified_gmt":"2024-05-06T09:27:37","slug":"mundo-el-espectacular-resurgimiento-de-marco-polo-cautivo-a-la-audiencia-mundial","status":"publish","type":"post","link":"https:\/\/webciudadana.net\/?p=52451","title":{"rendered":"Mundo: El espectacular resurgimiento de Marco Polo cautiv\u00f3 a la audiencia mundial"},"content":{"rendered":"\n<p>(Informaci\u00f3n remitida por la empresa firmante)<\/p>\n<p>\nGUANGZHOU, China, 6 de mayo de 2024 \/PRNewswire\/ &#8212; Una noticia de GDToday: <\/p>\n<p>\nEn la noche del 3 de mayo de 2024, la \u00d3pera de Guangzhou deslumbr\u00f3 al p\u00fablico con la representaci\u00f3n de \u00abMarco Polo\u00bb, una \u00f3pera cautivadora encargada por el estimado lugar. Para conmemorar el 700 aniversario del fallecimiento del legendario viajero italiano Marco Polo, el espect\u00e1culo regresa con un elenco y un director estelares despu\u00e9s de su debut en 2018.<\/p>\n<p> Esta gran producci\u00f3n transport\u00f3 a los espectadores a lo largo de la hist\u00f3rica Ruta de la Seda, contando las legendarias aventuras del ic\u00f3nico viajero italiano Marco Polo y sus compa\u00f1eros.<\/p>\n<p> Desde el elaborado vestuario hasta la intrincada escenograf\u00eda, cada aspecto de la producci\u00f3n cautiv\u00f3 al p\u00fablico, sumergi\u00e9ndolos en las im\u00e1genes y los sonidos del viaje de Marco Polo. La actuaci\u00f3n reson\u00f3 con temas de exploraci\u00f3n, aventura y la b\u00fasqueda universal de dignidad, unidad, paz y comprensi\u00f3n entre culturas.<\/p>\n<p> Desde las cautivadoras actuaciones de los actores principales hasta las armoniosas melod\u00edas que resuenan en la Orquesta de Macao bajo la batuta del director en r\u00e1pido ascenso Qian Junping, la \u00f3pera reflej\u00f3 la pasi\u00f3n colectiva y el compromiso de todos los involucrados.<\/p>\n<p> Asistieron distinguidos invitados, entusiastas de la cultura y aficionados a la \u00f3pera, todos deseosos de vivir este espectacular espect\u00e1culo de primera mano. Despu\u00e9s de la actuaci\u00f3n, los asistentes expresaron su asombro y aprecio por la brillantez art\u00edstica y la profundidad tem\u00e1tica de la \u00f3pera.<\/p>\n<p> \u00abNo se trata solo de la historia de Marco Polo. Se trata tambi\u00e9n del espect\u00e1culo en s\u00ed que puede promover el intercambio entre diferentes culturas\u00bb, explic\u00f3 Mat\u00edas Zubiaur, vicec\u00f3nsul de Argentina en Guangzhou.<\/p>\n<p> \u00abEn realidad me siento identificado con el programa porque Marco Polo era un extranjero en China y luego todo el amor tuvo lugar en China. Y ahora estoy enamorado de una hermosa novia china\u00bb, destac\u00f3 Rei, una audiencia de Venezuela.<\/p>\n<p> \u00abCreo que aplicar el estilo de canto italiano a una \u00f3pera china original es una fusi\u00f3n cultural de Oriente y Occidente\u00bb, expres\u00f3 Zhao Sicong, estudiante del Barbacini Opera Studio.<\/p>\n<p> Cuando cay\u00f3 el \u00faltimo tel\u00f3n y los aplausos resonaron en todo el teatro de la \u00f3pera, qued\u00f3 claro que \u00abMarco Polo\u00bb hab\u00eda dejado una huella indeleble en el paisaje cultural de Guangzhou. Con su poderosa narraci\u00f3n y temas universales, la \u00f3pera sirvi\u00f3 como testimonio del poder duradero del arte para inspirar, educar y unir a personas de todos los \u00e1mbitos de la vida.<\/p>\n<p> V\u00eddeo &#8211; https:\/\/mma.prnewswire.com\/media\/2404891\/moban__1.mp4<\/p>\n<p> View original content:https:\/\/www.prnewswire.com\/news-releases\/el-espectacular-resurgimiento-de-marco-polo-cautivo-a-la-audiencia-mundial-302136628.html<\/p>\n","protected":false},"excerpt":{"rendered":"<p>(Informaci\u00f3n remitida por la empresa firmante) GUANGZHOU, China, 6 de mayo de 2024 \/PRNewswire\/ &#8212; Una noticia de GDToday: En la noche del 3 de mayo de 2024, la \u00d3pera de Guangzhou deslumbr\u00f3 al p\u00fablico con la representaci\u00f3n de \u00abMarco Polo\u00bb, una \u00f3pera cautivadora encargada por el estimado lugar. Para conmemorar el 700 aniversario del [&hellip;]<\/p>\n","protected":false},"author":1,"featured_media":0,"comment_status":"closed","ping_status":"closed","sticky":false,"template":"","format":"standard","meta":{"footnotes":""},"categories":[2],"tags":[],"class_list":["post-52451","post","type-post","status-publish","format-standard","hentry","category-noticias"],"_links":{"self":[{"href":"https:\/\/webciudadana.net\/index.php?rest_route=\/wp\/v2\/posts\/52451","targetHints":{"allow":["GET"]}}],"collection":[{"href":"https:\/\/webciudadana.net\/index.php?rest_route=\/wp\/v2\/posts"}],"about":[{"href":"https:\/\/webciudadana.net\/index.php?rest_route=\/wp\/v2\/types\/post"}],"author":[{"embeddable":true,"href":"https:\/\/webciudadana.net\/index.php?rest_route=\/wp\/v2\/users\/1"}],"replies":[{"embeddable":true,"href":"https:\/\/webciudadana.net\/index.php?rest_route=%2Fwp%2Fv2%2Fcomments&post=52451"}],"version-history":[{"count":0,"href":"https:\/\/webciudadana.net\/index.php?rest_route=\/wp\/v2\/posts\/52451\/revisions"}],"wp:attachment":[{"href":"https:\/\/webciudadana.net\/index.php?rest_route=%2Fwp%2Fv2%2Fmedia&parent=52451"}],"wp:term":[{"taxonomy":"category","embeddable":true,"href":"https:\/\/webciudadana.net\/index.php?rest_route=%2Fwp%2Fv2%2Fcategories&post=52451"},{"taxonomy":"post_tag","embeddable":true,"href":"https:\/\/webciudadana.net\/index.php?rest_route=%2Fwp%2Fv2%2Ftags&post=52451"}],"curies":[{"name":"wp","href":"https:\/\/api.w.org\/{rel}","templated":true}]}}