{"id":52456,"date":"2024-05-06T13:07:15","date_gmt":"2024-05-06T11:07:15","guid":{"rendered":"https:\/\/ticker-noticiasep.microcontenidos.com\/NoticiaRSS.vbhtml?user=FRND562DLP&amp;cod=20240506130715"},"modified":"2024-05-06T13:07:15","modified_gmt":"2024-05-06T11:07:15","slug":"salud-fenaer-reclama-una-estrategia-nacional-que-mejore-el-diagnostico-y-tratamiento-del-asma-en-espana","status":"publish","type":"post","link":"https:\/\/webciudadana.net\/?p=52456","title":{"rendered":"Salud: Fenaer reclama una estrategia nacional que mejore el diagn\u00f3stico y tratamiento del asma en Espa\u00f1a"},"content":{"rendered":"\n<div><img decoding=\"async\" src=\"https:\/\/img.europapress.es\/fotoweb\/fotonoticia_20240506130715_300.jpg\" class=\"ff-og-image-inserted\"><\/div>\n<p>(Informaci\u00f3n remitida por la empresa firmante)<\/p>\n<p>\nLa Federaci\u00f3n de Asociaciones de Pacientes Al\u00e9rgicos y con Enfermedades Respiratorias, Fenaer, reclama en el D\u00eda Mundial del Asma la definici\u00f3n y puesta en marcha de una estrategia nacional contra el asma que mejore el diagn\u00f3stico y tratamiento de los pacientes y aborde de forma espec\u00edfica el asma grave con la creaci\u00f3n de m\u00e1s unidades especializadas. El plan deber\u00eda servir, adem\u00e1s, para acabar con la inequidad y garantizar el acceso de los pacientes a especialistas en esta patolog\u00eda<\/p>\n<p>\nEspa\u00f1a, 6 de mayo de 2024.- Adem\u00e1s, la Federaci\u00f3n considera clave avanzar en una coordinaci\u00f3n real entre las diferentes instancias sanitarias que atienden a quienes la padecen, y tambi\u00e9n entre los diferentes sistemas de salud auton\u00f3micos.<\/p>\n<p> La conmemoraci\u00f3n, que se lleva a cabo el 7 de mayo, trae consigo la reivindicaci\u00f3n de una mayor visibilidad de esta patolog\u00eda. El asma es una de las enfermedades respiratorias de mayor prevalencia, estim\u00e1ndose que afecta a tres millones de personas en Espa\u00f1a y que el 4% de ellas la padecen en su forma grave. Casi medio mill\u00f3n de personas fallecen anualmente en el mundo por su causa. Sin embargo, sigue siendo infravalorada, cuando no estigmatizada, por una parte de la poblaci\u00f3n.<\/p>\n<p> \u00abAunque ha habido avances, la coordinaci\u00f3n entre los diferentes servicios de salud sigue siendo escasa\u00bb, explica Mariano Pastor, presidente de Fenaer. La falta de un plan global para tratar a quienes sufren asma hace que \u00abel diagn\u00f3stico siga siendo lento y los protocolos de derivaci\u00f3n a especialistas, la estandarizaci\u00f3n de pruebas diagn\u00f3sticas y el tratamiento de las crisis graves, muy mejorables\u00bb. En este sentido, Pastor remarca las diferencias en el tratamiento de los pacientes con asma entre los distintos sistemas auton\u00f3micos: \u00abGarantizar una atenci\u00f3n equitativa, independientemente de d\u00f3nde residas, es un derecho b\u00e1sico para todos los pacientes cr\u00f3nicos\u00bb.<\/p>\n<p> Este plan nacional deber\u00eda incluir tambi\u00e9n un enfoque global del abordaje del asma, apunta Pastor: \u00abaunque en la actualidad existen tratamientos muy efectivos, su acci\u00f3n se ve lastrada por la falta de programas de educaci\u00f3n del paciente, de fisioterapia respiratoria, de fomento del ejercicio y la alimentaci\u00f3n sana o de acompa\u00f1amiento psicol\u00f3gico\u00bb.<\/p>\n<p> Fenaer considera que los diferentes sistemas de salud deber\u00edan apostar tambi\u00e9n por incluir m\u00e1s unidades espec\u00edficas para tratar a los pacientes con asma grave: \u00abEs una inversi\u00f3n, no un gasto, porque mantener a estas personas con su asma mejor controlada, adem\u00e1s de mejorar su d\u00eda a d\u00eda, ayuda a evitar hospitalizaciones dolorosas y costosas\u00bb.<\/p>\n<p> Enfermer\u00eda escolar<\/p>\n<p>\n*Con motivo del D\u00eda Mundial del Asma, Fenaer demanda tambi\u00e9n la creaci\u00f3n de la figura de la enfermera escolar en todos los centros educativos, como forma de proteger el bienestar*de los pacientes m\u00e1s j\u00f3venes de esta patolog\u00eda y, al tiempo, concienciar y educar en h\u00e1bitos de salud a toda la poblaci\u00f3n infantil.<\/p>\n<p> El asma es una de las enfermedades cr\u00f3nicas m\u00e1s prevalentes en la infancia. Diversos estudios apuntan a que entre un 5 y un 10% de los ni\u00f1os la padecen en Espa\u00f1a y su incidencia est\u00e1 aumentando debido a diversos factores, entre ellos los de la mala calidad del aire interior y exterior. Seg\u00fan Irantzu Muerza, responsable de la Coordinadora de Asma de Fenaer, \u00abpara los m\u00e1s peque\u00f1os contar con un profesional de la enfermer\u00eda en el colegio es una cuesti\u00f3n vital, m\u00e1s all\u00e1 del juego de palabras, atender\u00eda a crisis puntuales que se puedan producir y, adem\u00e1s, servir\u00eda para dar pautas de prevenci\u00f3n que incidir\u00edan de un modo muy positivo en todos los \u00e1mbitos de la salud de toda la poblaci\u00f3n escolar\u00bb.<\/p>\n<p> Pa\u00edses de nuestro entorno como Francia, Suiza o Inglaterra tienen consolidada desde hace d\u00e9cadas la figura de la enfermera escolar, mientras que en Espa\u00f1a su presencia en los centros es aislada. \u00abSi queremos avanzar en la salud y en la prevenci\u00f3n, afirma Irantzu Muerza, la primera medida debe ser la de actuar en la infancia. Los ni\u00f1os y adolescentes pasan la mayor parte de su jornada en los colegios, y garantizarles educaci\u00f3n y apoyo en caso de agudizaciones de asma es fundamental para reducir el absentismo escolar e integrarlos plenamente en las actividades escolares diarias\u00bb.<\/p>\n<p> Contacto<\/p>\n<p>\nNombre contacto: Comunicaci\u00f3n Fenaer<\/p>\n<p>\nDescripci\u00f3n contacto: Fenaer<\/p>\n<p>\nTel\u00e9fono de contacto: 624201909 \/ 66039680<\/p>\n","protected":false},"excerpt":{"rendered":"<p>(Informaci\u00f3n remitida por la empresa firmante) La Federaci\u00f3n de Asociaciones de Pacientes Al\u00e9rgicos y con Enfermedades Respiratorias, Fenaer, reclama en el D\u00eda Mundial del Asma la definici\u00f3n y puesta en marcha de una estrategia nacional contra el asma que mejore el diagn\u00f3stico y tratamiento de los pacientes y aborde de forma espec\u00edfica el asma grave [&hellip;]<\/p>\n","protected":false},"author":1,"featured_media":0,"comment_status":"closed","ping_status":"closed","sticky":false,"template":"","format":"standard","meta":{"footnotes":""},"categories":[2],"tags":[],"class_list":["post-52456","post","type-post","status-publish","format-standard","hentry","category-noticias"],"_links":{"self":[{"href":"https:\/\/webciudadana.net\/index.php?rest_route=\/wp\/v2\/posts\/52456","targetHints":{"allow":["GET"]}}],"collection":[{"href":"https:\/\/webciudadana.net\/index.php?rest_route=\/wp\/v2\/posts"}],"about":[{"href":"https:\/\/webciudadana.net\/index.php?rest_route=\/wp\/v2\/types\/post"}],"author":[{"embeddable":true,"href":"https:\/\/webciudadana.net\/index.php?rest_route=\/wp\/v2\/users\/1"}],"replies":[{"embeddable":true,"href":"https:\/\/webciudadana.net\/index.php?rest_route=%2Fwp%2Fv2%2Fcomments&post=52456"}],"version-history":[{"count":0,"href":"https:\/\/webciudadana.net\/index.php?rest_route=\/wp\/v2\/posts\/52456\/revisions"}],"wp:attachment":[{"href":"https:\/\/webciudadana.net\/index.php?rest_route=%2Fwp%2Fv2%2Fmedia&parent=52456"}],"wp:term":[{"taxonomy":"category","embeddable":true,"href":"https:\/\/webciudadana.net\/index.php?rest_route=%2Fwp%2Fv2%2Fcategories&post=52456"},{"taxonomy":"post_tag","embeddable":true,"href":"https:\/\/webciudadana.net\/index.php?rest_route=%2Fwp%2Fv2%2Ftags&post=52456"}],"curies":[{"name":"wp","href":"https:\/\/api.w.org\/{rel}","templated":true}]}}