{"id":52485,"date":"2024-05-07T12:13:12","date_gmt":"2024-05-07T10:13:12","guid":{"rendered":"https:\/\/ticker-noticiasep.microcontenidos.com\/NoticiaRSS.vbhtml?user=FRND562DLP&amp;cod=20240507121312"},"modified":"2024-05-07T12:13:12","modified_gmt":"2024-05-07T10:13:12","slug":"elian-barcelona-culmina-la-adquisicion-de-una-planta-de-molturacion-de-soja-en-el-port-de-barcelona","status":"publish","type":"post","link":"https:\/\/webciudadana.net\/?p=52485","title":{"rendered":"Elian Barcelona culmina la adquisici\u00f3n de una planta de molturaci\u00f3n de soja en el Port de Barcelona"},"content":{"rendered":"\n<div><img decoding=\"async\" src=\"https:\/\/img.europapress.es\/fotoweb\/fotonoticia_20240507121312_300.jpg\" class=\"ff-og-image-inserted\"><\/div>\n<p>(Informaci\u00f3n remitida por la empresa firmante)<\/p>\n<p>\nElian Barcelona consolida su posici\u00f3n en el sector agroalimentario con la adquisici\u00f3n estrat\u00e9gica de una planta de molturaci\u00f3n de habas de soja en el Port de Barcelona, reforzando su valor fundacional de la sostenibilidad alimentaria, la innovaci\u00f3n en la industria y el trabajo en equipo<\/p>\n<p>\nBarcelona, 7 de mayo de 2024.- Elian Barcelona, ha anunciado la adquisici\u00f3n de una planta en el Port de Barcelona destinada a la molturaci\u00f3n de habas de soja. Esta iniciativa representa un hito significativo en el camino de la empresa hacia un crecimiento estrat\u00e9gico y una mayor contribuci\u00f3n a la sostenibilidad en la industria alimentaria.<\/p>\n<p> Dicha Planta, con una extensi\u00f3n de 46.000 m, tiene una capacidad de molturaci\u00f3n de soja de m\u00e1s de 700.000 toneladas. Su ubicaci\u00f3n estrat\u00e9gica en el Port de Barcelona la convierte en una infraestructura clave para la importaci\u00f3n y procesamiento de materia prima esencial para la industria c\u00e1rnica en Espa\u00f1a, con foco principal en Catalu\u00f1a y Arag\u00f3n. Adem\u00e1s, desde esta planta se exporta aceite y harina de soja en el \u00e1rea Mediterr\u00e1nea de Europa y \u00c1frica, fortaleciendo as\u00ed su impacto en el mercado internacional.<\/p>\n<p> Este logro marca el comienzo de una segunda fase de crecimiento para Elian Barcelona, que incluir\u00e1 el desarrollo de la producci\u00f3n de prote\u00edna vegetal sostenible, tanto concentrados como extrusionados para alimentaci\u00f3n humana (plant based). Actualmente, estas materias primas deben importarse de Estados Unidos, China o Sudam\u00e9rica, con lo que la creaci\u00f3n de esta nueva capacidad de producci\u00f3n local significar\u00e1 una oportunidad estrat\u00e9gica reduciendo la huella de carbono. Esta expansi\u00f3n hacia productos de mayor valor a\u00f1adido promete una contribuci\u00f3n a\u00fan m\u00e1s sustancial a las ventas anuales de la empresa.<\/p>\n<p> \u00abEstamos encantados de anunciar la adquisici\u00f3n de esta planta en el Port de Barcelona\u00bb, declar\u00f3 Andr\u00e9s Martin, fundador y director general de Elian Barcelona. \u00abEste paso estrat\u00e9gico nos posiciona mejor para alcanzar nuestros objetivos de crecimiento y nos permite ofrecer productos de mayor valor a\u00f1adido a nuestros clientes. Con esta nueva capacidad de producci\u00f3n local, estamos entusiasmados de contribuir a\u00fan m\u00e1s a la sostenibilidad y seguridad alimentaria en Europa\u00bb.<\/p>\n<p> Elian Barcelona, fundada en enero de 2021, se ha destacado desde su inicio por su compromiso con la sostenibilidad a trav\u00e9s de la innovaci\u00f3n en el sistema de producci\u00f3n de alimentos. Como parte del grupo norteamericano Viserion, la compa\u00f1\u00eda cuenta con una s\u00f3lida experiencia en la agroindustria y una presencia activa en los Estados Unidos. Con este nuevo proyecto en el Port de Barcelona, la empresa se posiciona para conectar de manera integral la cadena de suministro, desde los agricultores en origen hasta los consumidores en Europa, proporcionando alimentos y materia prima para piensos m\u00e1s sostenibles para un futuro m\u00e1s saludable y equilibrado.<\/p>\n<p> Cabe destacar que, para llevar adelante su visi\u00f3n de negocio con determinaci\u00f3n y eficiencia, Elian cuenta con un equipo funcional s\u00f3lido y en crecimiento, compuesto por m\u00e1s de 80 personas.<\/p>\n<p> Contacto<\/p>\n<p>\nNombre contacto: Gonzalo Grandes Mart\u00ednez<\/p>\n<p>\nDescripci\u00f3n contacto: Account Executive<\/p>\n<p>\nTel\u00e9fono de contacto: 692950088<\/p>\n","protected":false},"excerpt":{"rendered":"<p>(Informaci\u00f3n remitida por la empresa firmante) Elian Barcelona consolida su posici\u00f3n en el sector agroalimentario con la adquisici\u00f3n estrat\u00e9gica de una planta de molturaci\u00f3n de habas de soja en el Port de Barcelona, reforzando su valor fundacional de la sostenibilidad alimentaria, la innovaci\u00f3n en la industria y el trabajo en equipo Barcelona, 7 de mayo [&hellip;]<\/p>\n","protected":false},"author":1,"featured_media":0,"comment_status":"closed","ping_status":"closed","sticky":false,"template":"","format":"standard","meta":{"footnotes":""},"categories":[2],"tags":[],"class_list":["post-52485","post","type-post","status-publish","format-standard","hentry","category-noticias"],"_links":{"self":[{"href":"https:\/\/webciudadana.net\/index.php?rest_route=\/wp\/v2\/posts\/52485","targetHints":{"allow":["GET"]}}],"collection":[{"href":"https:\/\/webciudadana.net\/index.php?rest_route=\/wp\/v2\/posts"}],"about":[{"href":"https:\/\/webciudadana.net\/index.php?rest_route=\/wp\/v2\/types\/post"}],"author":[{"embeddable":true,"href":"https:\/\/webciudadana.net\/index.php?rest_route=\/wp\/v2\/users\/1"}],"replies":[{"embeddable":true,"href":"https:\/\/webciudadana.net\/index.php?rest_route=%2Fwp%2Fv2%2Fcomments&post=52485"}],"version-history":[{"count":0,"href":"https:\/\/webciudadana.net\/index.php?rest_route=\/wp\/v2\/posts\/52485\/revisions"}],"wp:attachment":[{"href":"https:\/\/webciudadana.net\/index.php?rest_route=%2Fwp%2Fv2%2Fmedia&parent=52485"}],"wp:term":[{"taxonomy":"category","embeddable":true,"href":"https:\/\/webciudadana.net\/index.php?rest_route=%2Fwp%2Fv2%2Fcategories&post=52485"},{"taxonomy":"post_tag","embeddable":true,"href":"https:\/\/webciudadana.net\/index.php?rest_route=%2Fwp%2Fv2%2Ftags&post=52485"}],"curies":[{"name":"wp","href":"https:\/\/api.w.org\/{rel}","templated":true}]}}