{"id":52488,"date":"2024-05-07T12:55:14","date_gmt":"2024-05-07T10:55:14","guid":{"rendered":"https:\/\/ticker-noticiasep.microcontenidos.com\/NoticiaRSS.vbhtml?user=FRND562DLP&amp;cod=20240507125514"},"modified":"2024-05-07T12:55:14","modified_gmt":"2024-05-07T10:55:14","slug":"sociedad-semana-intergeneracional-mundial-ceoma-por-una-sociedad-inclusiva-para-todas-edades","status":"publish","type":"post","link":"https:\/\/webciudadana.net\/?p=52488","title":{"rendered":"Sociedad: Semana Intergeneracional Mundial &#8216;CEOMA por una sociedad inclusiva para todas edades&#8217;"},"content":{"rendered":"\n<div><img decoding=\"async\" src=\"https:\/\/img.europapress.es\/fotoweb\/fotonoticia_20240507125514_300.jpg\" class=\"ff-og-image-inserted\"><\/div>\n<p>(Informaci\u00f3n remitida por la empresa firmante)<\/p>\n<p> Madrid, 7 de mayo de 2024.- La Confederaci\u00f3n Espa\u00f1ola de Organizaciones de Mayores (CEOMA) ha asistido a la reuni\u00f3n organizada por Edwards Lifesciences, empresa l\u00edder mundial en monitorizaci\u00f3n de cuidados intensivos, los d\u00edas 29 y 30 de abril en Nyon (Suiza) dentro del marco de la Semana Intergeneracional Mundial.<\/p>\n<p> Durante dos d\u00edas, el responsable de proyectos internacionales de CEOMA, \u00c1ngel Yag\u00fce, se ha reunido con un grupo de expertos de varios pa\u00edses europeos de los \u00e1mbitos de la sociolog\u00eda, organizaciones de personas mayores y de la econom\u00eda plateada donde se ha puesto en valor las conclusiones de la encuesta \u00abUnifying Generations: Building the Pathway to Intergenerational Solidarity\u00bb publicado por Edwards Lifesciences. Este informe demuestra la necesidad de cambiar la percepci\u00f3n del valor de las personas mayores de 65 a\u00f1os y su cohesi\u00f3n con las generaciones m\u00e1s j\u00f3venes.<\/p>\n<p> Durante las reuniones se ha acordado cambiar las percepciones para comunicar una narrativa m\u00e1s realista del papel positivo y unificador de las personas mayores; mejorar las competencias digitales para reducir el aislamiento y garantizar una cohesi\u00f3n intergeneracional a\u00fan mayor y fomentar las oportunidades de tutor\u00eda para que las personas mayores transmitan sus conocimientos, experiencia y habilidades.<\/p>\n<p> En ese sentido, CEOMA apuesta por elaborar una hoja de ruta que fomente la colaboraci\u00f3n entre las partes interesadas -desde empresas y asociaciones hasta ciudades y gobiernos- para reforzar la solidaridad intergeneracional. La Semana Intergeneracional Mundial, que este a\u00f1o se ha celebrado del 24 al 30 de abril, es una campa\u00f1a anual que tiene como objetivo resaltar la importancia y los beneficios de la pr\u00e1ctica intergeneracional.<\/p>\n<p> Impulsada por la Organizaci\u00f3n Mundial de la Salud (OMS), en el marco de Naciones Unidas (ONU), y liderada por la sociedad civil, tiene como objetivo resaltar la importancia y los beneficios de la pr\u00e1ctica intergeneracional.<\/p>\n<p>\nConfederaci\u00f3n Espa\u00f1ola de Organizaciones de Mayores.<\/p>\n<p> CEOMA es una entidad sin \u00e1nimo de lucro creada para la defensa de los derechos de las personas mayores. Representa a 26 organizaciones de mayores de las distintas Comunidades Aut\u00f3nomas, con m\u00e1s de 800.000 socios de base y m\u00e1s de 1.500 Asociaciones. M\u00e1s informaci\u00f3n: www.CEOMA.org.<\/p>\n<p>\nCelia Moreno Garrido.<\/p>\n<p>\nCoordinadora General Responsable de Comunicaci\u00f3n e Imagen Institucional.<\/p>\n<p>\nceliamoreno@CEOMA.org.<\/p>\n<p>\nC\/ Fernando el Cat\u00f3lico, 10 &#8211; Local 7 28015 MADRID.<\/p>\n<p>\nM\u00f3vil: 626 170 705 Tel.: 91 557 25 56.<\/p>\n<p>\nIsana Navarro Europa Press Comunicaci\u00f3n.<\/p>\n<p>\nisananavarro@europapress.es 600 90 55 65.<\/p>\n","protected":false},"excerpt":{"rendered":"<p>(Informaci\u00f3n remitida por la empresa firmante) Madrid, 7 de mayo de 2024.- La Confederaci\u00f3n Espa\u00f1ola de Organizaciones de Mayores (CEOMA) ha asistido a la reuni\u00f3n organizada por Edwards Lifesciences, empresa l\u00edder mundial en monitorizaci\u00f3n de cuidados intensivos, los d\u00edas 29 y 30 de abril en Nyon (Suiza) dentro del marco de la Semana Intergeneracional Mundial. [&hellip;]<\/p>\n","protected":false},"author":1,"featured_media":0,"comment_status":"closed","ping_status":"closed","sticky":false,"template":"","format":"standard","meta":{"footnotes":""},"categories":[2],"tags":[],"class_list":["post-52488","post","type-post","status-publish","format-standard","hentry","category-noticias"],"_links":{"self":[{"href":"https:\/\/webciudadana.net\/index.php?rest_route=\/wp\/v2\/posts\/52488","targetHints":{"allow":["GET"]}}],"collection":[{"href":"https:\/\/webciudadana.net\/index.php?rest_route=\/wp\/v2\/posts"}],"about":[{"href":"https:\/\/webciudadana.net\/index.php?rest_route=\/wp\/v2\/types\/post"}],"author":[{"embeddable":true,"href":"https:\/\/webciudadana.net\/index.php?rest_route=\/wp\/v2\/users\/1"}],"replies":[{"embeddable":true,"href":"https:\/\/webciudadana.net\/index.php?rest_route=%2Fwp%2Fv2%2Fcomments&post=52488"}],"version-history":[{"count":0,"href":"https:\/\/webciudadana.net\/index.php?rest_route=\/wp\/v2\/posts\/52488\/revisions"}],"wp:attachment":[{"href":"https:\/\/webciudadana.net\/index.php?rest_route=%2Fwp%2Fv2%2Fmedia&parent=52488"}],"wp:term":[{"taxonomy":"category","embeddable":true,"href":"https:\/\/webciudadana.net\/index.php?rest_route=%2Fwp%2Fv2%2Fcategories&post=52488"},{"taxonomy":"post_tag","embeddable":true,"href":"https:\/\/webciudadana.net\/index.php?rest_route=%2Fwp%2Fv2%2Ftags&post=52488"}],"curies":[{"name":"wp","href":"https:\/\/api.w.org\/{rel}","templated":true}]}}