{"id":52516,"date":"2024-05-08T10:36:30","date_gmt":"2024-05-08T08:36:30","guid":{"rendered":"https:\/\/ticker-noticiasep.microcontenidos.com\/NoticiaRSS.vbhtml?user=FRND562DLP&amp;cod=20240508103630"},"modified":"2024-05-08T10:36:30","modified_gmt":"2024-05-08T08:36:30","slug":"sociedad-ceoma-convoca-en-abril-de-2025-el-xii-congreso-nacional-de-organizaciones-de-mayores-en-la-ciudad-de-vigo","status":"publish","type":"post","link":"https:\/\/webciudadana.net\/?p=52516","title":{"rendered":"Sociedad: CEOMA convoca en abril de 2025 el &#8216;XII Congreso Nacional de Organizaciones de Mayores&#8217; en la ciudad de Vigo"},"content":{"rendered":"\n<p>(Informaci\u00f3n remitida por la empresa firmante)<\/p>\n<p>\nCoincidiendo con el 25 Aniversario de CEOMA.<\/p>\n<p>\nEntidades vinculadas a las personas mayores y profesionales del sector participar\u00e1n en el encuentro, que servir\u00e1 para poner sobre la mesa las necesidades y reivindicaciones de las personas de edad.<\/p>\n<p>\nEl Congreso, que tendr\u00e1 lugar los d\u00edas 24 y 25 de abril de 2025 en el Auditorio de Afundaci\u00f3n de Vigo, se centrar\u00e1 en el Talento S\u00e9nior.<\/p>\n<p>\nEn el marco de este evento, CEOMA entregar\u00e1 el Premio &#8216;Mayores en Acci\u00f3n 2025&#8217;, un reconocimiento a las personas de m\u00e1s 65 a\u00f1os que se mantienen activas y comprometidas en la participaci\u00f3n social.<\/p>\n<p> Madrid, 8 de mayo de 2024. &#8211; La Asamblea General de la Confederaci\u00f3n Espa\u00f1ola de Organizaciones de Mayores (CEOMA) ha acordado celebrar el &#8216;XII Congreso Nacional de Organizaciones de Mayores&#8217; los d\u00edas 24 y 25 de abril de 2025 en Vigo. En el encuentro participar\u00e1n entidades y profesionales del sector, que pondr\u00e1n sobre la mesa las necesidades y reivindicaciones de las personas mayores. Tambi\u00e9n se ha invitado a las personas mayores en general a sumarse a este evento.<\/p>\n<p> En esta nueva edici\u00f3n, el Congreso se centrar\u00e1 en el talento s\u00e9nior, un tema \u00abde gran actualidad y por el que deber\u00edan apostar tanto los organismos p\u00fablicos como el sector privado en todos sus \u00e1mbitos\u00bb, seg\u00fan ha explicado la presidenta de CEOMA, Sabina Camacho. \u00abDesde que se fund\u00f3 CEOMA en el a\u00f1o 2000, la organizaci\u00f3n ha contado con personas de prestigio en sus \u00d3rganos de Gobierno que han apostado por el talento s\u00e9nior y, con motivo del pr\u00f3ximo 25 aniversario es un buen momento para tratarlo en el Congreso\u00bb, ha a\u00f1adido.<\/p>\n<p> Una vez m\u00e1s, CEOMA pretende con este congreso que las personas mayores puedan expresar su opini\u00f3n y sus necesidades con la finalidad fomentar con medidas y proyectos adecuados un envejecimiento activo y saludable; vigilar y exigir el buen trato a las personas mayores, potenciar el trabajo m\u00e1s all\u00e1 de los 50 a\u00f1os, impulsar el humanismo digital y poner de relieve los retos del cambio clim\u00e1tico, que son algunos de los temas que se analizar\u00e1n en las distintas sesiones de debate.<\/p>\n<p> Aumento de la esperanza de vida.<\/p>\n<p> La entidad ha recordado que, actualmente en Espa\u00f1a, hay cerca de 10 millones de personas mayores de 65 a\u00f1os, lo que representa un 20% de la poblaci\u00f3n. La esperanza de vida seguir\u00e1 aumentando en las pr\u00f3ximas d\u00e9cadas y las personas mayores constituyen un importante capital activo para la sociedad. Por ello, desde CEOMA aseguran que el Congreso servir\u00e1 tambi\u00e9n para debatir propuestas y acciones en las que el envejecimiento activo debe jugar un papel destacable. En el marco del Congreso, CEOMA celebrar\u00e1 tambi\u00e9n la entrega del Premio &#8216;Mayores en Acci\u00f3n 2025&#8217;, un galard\u00f3n que reconoce a hombres y mujeres que siguen trabajando m\u00e1s all\u00e1 de los 65 a\u00f1os prestando servicios en sectores muy diversos.<\/p>\n<p> Confederaci\u00f3n Espa\u00f1ola de Organizaciones de Mayores.<\/p>\n<p> CEOMA es una entidad sin \u00e1nimo de lucro creada para la defensa de los derechos de las personas mayores. Representa a 26 organizaciones de mayores de las distintas Comunidades Aut\u00f3nomas, con m\u00e1s de 800.000 socios de base y m\u00e1s de 1.500 Asociaciones. M\u00e1s informaci\u00f3n: www.ceoma.org.<\/p>\n<p> Celia Moreno Garrido.<\/p>\n<p> Coordinadora General y Responsable de Comunicaci\u00f3n e Imagen Institucional.<\/p>\n<p> celiamoreno@ceoma.org.<\/p>\n<p> C\/ Fernando el Cat\u00f3lico, 10 &#8211; Local 7 28015 MADRID.<\/p>\n<p> M\u00f3vil: 626 170 705 Tel.: 91 557 25 56 <\/p>\n<p> Isana Navarro.<\/p>\n<p> Europa Press Comunicaci\u00f3n.<\/p>\n<p> isananavarro@europapress.es.<\/p>\n<p> 600 90 55 65.<\/p>\n<p>\nINFORMACI\u00d3N PROTECCI\u00d3N DE DATOS. Responsable: CEOMA (Confederaci\u00f3n Espa\u00f1ola de Organizaciones de Mayores) CIF: G-82662473 Le informamos que sus datos identificativos y los contenidos en los correos electr\u00f3nicos y ficheros adjuntos pueden ser incorporados a nuestras bases de datos con la finalidad de mantener relaciones profesionales y\/o comerciales y, que ser\u00e1n conservados mientras se mantenga la relaci\u00f3n. Si lo desea, puede ejercer su derecho a acceder, rectificar y suprimir sus datos y dem\u00e1s reconocidos normativamente dirigi\u00e9ndose al correo emisor o en ceoma@ceoma.org. Este mensaje y cualquier documento que lleve adjunto, en su caso, puede ser confidencial y destinado \u00fanicamente a la persona o entidad a quien ha sido enviado.<\/p>\n","protected":false},"excerpt":{"rendered":"<p>(Informaci\u00f3n remitida por la empresa firmante) Coincidiendo con el 25 Aniversario de CEOMA. Entidades vinculadas a las personas mayores y profesionales del sector participar\u00e1n en el encuentro, que servir\u00e1 para poner sobre la mesa las necesidades y reivindicaciones de las personas de edad. El Congreso, que tendr\u00e1 lugar los d\u00edas 24 y 25 de abril [&hellip;]<\/p>\n","protected":false},"author":1,"featured_media":0,"comment_status":"closed","ping_status":"closed","sticky":false,"template":"","format":"standard","meta":{"footnotes":""},"categories":[2],"tags":[],"class_list":["post-52516","post","type-post","status-publish","format-standard","hentry","category-noticias"],"_links":{"self":[{"href":"https:\/\/webciudadana.net\/index.php?rest_route=\/wp\/v2\/posts\/52516","targetHints":{"allow":["GET"]}}],"collection":[{"href":"https:\/\/webciudadana.net\/index.php?rest_route=\/wp\/v2\/posts"}],"about":[{"href":"https:\/\/webciudadana.net\/index.php?rest_route=\/wp\/v2\/types\/post"}],"author":[{"embeddable":true,"href":"https:\/\/webciudadana.net\/index.php?rest_route=\/wp\/v2\/users\/1"}],"replies":[{"embeddable":true,"href":"https:\/\/webciudadana.net\/index.php?rest_route=%2Fwp%2Fv2%2Fcomments&post=52516"}],"version-history":[{"count":0,"href":"https:\/\/webciudadana.net\/index.php?rest_route=\/wp\/v2\/posts\/52516\/revisions"}],"wp:attachment":[{"href":"https:\/\/webciudadana.net\/index.php?rest_route=%2Fwp%2Fv2%2Fmedia&parent=52516"}],"wp:term":[{"taxonomy":"category","embeddable":true,"href":"https:\/\/webciudadana.net\/index.php?rest_route=%2Fwp%2Fv2%2Fcategories&post=52516"},{"taxonomy":"post_tag","embeddable":true,"href":"https:\/\/webciudadana.net\/index.php?rest_route=%2Fwp%2Fv2%2Ftags&post=52516"}],"curies":[{"name":"wp","href":"https:\/\/api.w.org\/{rel}","templated":true}]}}