{"id":52518,"date":"2024-05-08T11:09:46","date_gmt":"2024-05-08T09:09:46","guid":{"rendered":"https:\/\/ticker-noticiasep.microcontenidos.com\/NoticiaRSS.vbhtml?user=FRND562DLP&amp;cod=20240508110946"},"modified":"2024-05-08T11:09:46","modified_gmt":"2024-05-08T09:09:46","slug":"salud-geteccu-presenta-nueva-edicion-de-conductas-de-actuacion-en-la-enfermedad-inflamatoria-cronica-intestinal","status":"publish","type":"post","link":"https:\/\/webciudadana.net\/?p=52518","title":{"rendered":"Salud: GETECCU presenta nueva edici\u00f3n de &#8216;Conductas de actuaci\u00f3n en la Enfermedad Inflamatoria Cr\u00f3nica Intestinal&#8217;"},"content":{"rendered":"\n<div><img decoding=\"async\" src=\"https:\/\/img.europapress.es\/fotoweb\/fotonoticia_20240508110946_300.jpg\" class=\"ff-og-image-inserted\"><\/div>\n<p>(Informaci\u00f3n remitida por la empresa firmante)<\/p>\n<p>\nVivir con diarrea, dolor abdominal, urgencia defecatoria o sangrado en la deposici\u00f3n: muy limitante en el d\u00eda a d\u00eda<\/p>\n<p>\nMadrid, 8 de mayo de 2024.- El Grupo Espa\u00f1ol de Trabajo en Enfermedad de Crohn y Colitis Ulcerosa (GETECCU), acaba de presentar la 8\u00aa edici\u00f3n del manual Conductas de actuaci\u00f3n en la enfermedad inflamatoria cr\u00f3nica intestinal, \u00abun Libro Blanco de estas enfermedades, desarrollado por GETECCU y patrocinado por Ferring, actualizando la edici\u00f3n de 2019, que est\u00e1 dirigido* al gastroenter\u00f3logo general, ya sea residente o est\u00e9 en otra etapa, y est\u00e9 o no especializado en EII\u00bb, indica* la Dra. Ana Guti\u00e9rrez, presidenta de GETECU, jefa de la Secci\u00f3n de Medicina Digestiva del Hospital Universitario Doctor Balmis, Alicante, y una de las coordinadoras del manual.<\/p>\n<p> Un libro de bolsillo, dividido en 18 cap\u00edtulos, con 35 autores, \u00abuna herramienta muy \u00fatil tambi\u00e9n para el residente, pues, de una manera resumida, muy r\u00e1pida y efectiva, presenta toda la actualizaci\u00f3n sobre la EII\u00bb, asegura la experta.<\/p>\n<p> Durante este a\u00f1o, se presentar\u00e1 en reuniones locales, por distintas ciudades de Espa\u00f1a, con los propios autores del manual y con otros miembros destacados de GETECCU. En ellas se presentar\u00e1n las novedades de esta 8\u00aa edici\u00f3n y se har\u00e1 una actualizaci\u00f3n del tratamiento de la colitis ulcerosa leve a moderada.<\/p>\n<p> La nueva edici\u00f3n incluye muchas novedades, por ejemplo, la ecograf\u00eda intestinal, modalidad de imagen cada vez m\u00e1s usada para el diagn\u00f3stico y monitorizaci\u00f3n no invasiva de los pacientes o novedosas alternativas terap\u00e9uticas a la luz de nuevos ensayos cl\u00ednicos.<\/p>\n<p> \u00abLa EII es una enfermedad de causa desconocida, combinaci\u00f3n entre varios factores, inmunol\u00f3gicos, en parte gen\u00e9ticos -no es una enfermedad gen\u00e9tica, pero, tener alg\u00fan antecedente familiar, es uno de los factores de riesgo m\u00e1s importantes para padecer la enfermedad- y, probablemente, tambi\u00e9n factores en el microbioma, lo que da lugar, finalmente, a una inflamaci\u00f3n no controlada que produce lesiones a nivel del intestino, causantes de los s\u00edntomas\u00bb, asegura la Dra. Ana Guti\u00e9rrez.<\/p>\n<p> La colitis ulcerosa y la enfermedad de Crohn son enfermedades cr\u00f3nicas, sin cura y heterog\u00e9neas. Hay much\u00edsimos avances en el tratamiento, pero no se consigue siempre el control absoluto de la enfermedad, por lo que, puede llegar a alterar mucho la calidad de vida.<\/p>\n<p> Puede debutar en edades bastante j\u00f3venes, entre los 20 y 30 a\u00f1os, en personas que est\u00e1n desarroll\u00e1ndose en todos los planos de su vida: personal, profesional, social, etc.<\/p>\n<p> Los s\u00edntomas pueden ser dolor abdominal, diarrea, sangrado con las deposiciones, urgencia defecatoria e incluso fatiga, otro de los s\u00edntomas caracter\u00edsticos, lo que altera much\u00edsimo el d\u00eda a d\u00eda de los pacientes.<\/p>\n<p> El tiempo de diagn\u00f3stico de estas enfermedades var\u00eda. \u00abEn el caso de la colitis ulcerosa el tiempo medio de demora es inferior, suelen ser pocos meses, porque la presencia de sangre en las heces hace que el paciente consulte antes. En la enfermedad de Crohn, a veces, el paciente vive con dolor un tiempo y esto retrasar\u00eda el diagn\u00f3stico hasta cerca del a\u00f1o\u00bb asegura la experta.<\/p>\n<p> Si la enfermedad no est\u00e1 controlada o hay un brote, es muy limitante. Estar en clase, trabajando en un comercio, de viaje de negocios, con amigos o la pareja, teniendo que controlar siempre d\u00f3nde est\u00e1 el ba\u00f1o, afecta much\u00edsimo al d\u00eda a d\u00eda de quien la sufre.<\/p>\n<p> La aceptaci\u00f3n del diagn\u00f3stico para un paciente que estaba \u00absano\u00bb no es f\u00e1cil, especialmente si es joven, por lo que, en ocasiones, el apoyo psicol\u00f3gico es necesario.<\/p>\n<p> Con el patrocinio de esta 8\u00aa edici\u00f3n, Ferring consolida su compromiso con la EII, la formaci\u00f3n continuada y la investigaci\u00f3n.<\/p>\n<p> Contacto<\/p>\n<p>\nNombre contacto: Borja Fuente<\/p>\n<p>\nDescripci\u00f3n contacto: Agencia Iberopress<\/p>\n<p>\nTel\u00e9fono de contacto: 91 11 99 701<\/p>\n","protected":false},"excerpt":{"rendered":"<p>(Informaci\u00f3n remitida por la empresa firmante) Vivir con diarrea, dolor abdominal, urgencia defecatoria o sangrado en la deposici\u00f3n: muy limitante en el d\u00eda a d\u00eda Madrid, 8 de mayo de 2024.- El Grupo Espa\u00f1ol de Trabajo en Enfermedad de Crohn y Colitis Ulcerosa (GETECCU), acaba de presentar la 8\u00aa edici\u00f3n del manual Conductas de actuaci\u00f3n [&hellip;]<\/p>\n","protected":false},"author":1,"featured_media":0,"comment_status":"closed","ping_status":"closed","sticky":false,"template":"","format":"standard","meta":{"footnotes":""},"categories":[2],"tags":[],"class_list":["post-52518","post","type-post","status-publish","format-standard","hentry","category-noticias"],"_links":{"self":[{"href":"https:\/\/webciudadana.net\/index.php?rest_route=\/wp\/v2\/posts\/52518","targetHints":{"allow":["GET"]}}],"collection":[{"href":"https:\/\/webciudadana.net\/index.php?rest_route=\/wp\/v2\/posts"}],"about":[{"href":"https:\/\/webciudadana.net\/index.php?rest_route=\/wp\/v2\/types\/post"}],"author":[{"embeddable":true,"href":"https:\/\/webciudadana.net\/index.php?rest_route=\/wp\/v2\/users\/1"}],"replies":[{"embeddable":true,"href":"https:\/\/webciudadana.net\/index.php?rest_route=%2Fwp%2Fv2%2Fcomments&post=52518"}],"version-history":[{"count":0,"href":"https:\/\/webciudadana.net\/index.php?rest_route=\/wp\/v2\/posts\/52518\/revisions"}],"wp:attachment":[{"href":"https:\/\/webciudadana.net\/index.php?rest_route=%2Fwp%2Fv2%2Fmedia&parent=52518"}],"wp:term":[{"taxonomy":"category","embeddable":true,"href":"https:\/\/webciudadana.net\/index.php?rest_route=%2Fwp%2Fv2%2Fcategories&post=52518"},{"taxonomy":"post_tag","embeddable":true,"href":"https:\/\/webciudadana.net\/index.php?rest_route=%2Fwp%2Fv2%2Ftags&post=52518"}],"curies":[{"name":"wp","href":"https:\/\/api.w.org\/{rel}","templated":true}]}}