{"id":52557,"date":"2024-05-09T09:58:26","date_gmt":"2024-05-09T07:58:26","guid":{"rendered":"https:\/\/ticker-noticiasep.microcontenidos.com\/NoticiaRSS.vbhtml?user=FRND562DLP&amp;cod=20240509095826"},"modified":"2024-05-09T09:58:26","modified_gmt":"2024-05-09T07:58:26","slug":"sociedad-vivrabarcelona-revolucionando-la-cosmetica-natural-desde-el-corazon-de-barcelona","status":"publish","type":"post","link":"https:\/\/webciudadana.net\/?p=52557","title":{"rendered":"Sociedad: VivraBarcelona: revolucionando la cosm\u00e9tica natural desde el coraz\u00f3n de Barcelona"},"content":{"rendered":"\n<div><img decoding=\"async\" src=\"https:\/\/img.europapress.es\/fotoweb\/fotonoticia_20240509095826_300.jpg\" class=\"ff-og-image-inserted\"><\/div>\n<p>(Informaci\u00f3n remitida por la empresa firmante)<\/p>\n<p>\nEl auge de la cosm\u00e9tica natural en el pa\u00eds se est\u00e1 haciendo m\u00e1s y m\u00e1s presente cada vez, gracias a una concienciaci\u00f3n por el cuidado integral y la salud, y a su vez, por la efectividad en los m\u00e9todos de fabricaci\u00f3n natural que huyen de los inconvenientes de la cosm\u00e9tica tradicional, evitando as\u00ed el uso de t\u00f3xicos, parabenos y sulfatos entre otros, y apostando por ingredientes Org\u00e1nicos que funcionan<\/p>\n<p>\nBarcelona, 9 de mayo de 2024.- Las redes sociales y su efecto amplificador han sido uno de los motores de esta nueva tendencia de uso responsable con el medio ambiente, los animales y el cuidado de la piel e interior.<\/p>\n<p> Pero como cualquier boom que se precie, son muchos los que se quieren subir a la tendencia con productos de baja calidad o simplemente cuyo resultado no est\u00e1 probado.<\/p>\n<p> Por esto, es muy importante saber diferenciar los productos profesionales nacionales, de los que cada vez m\u00e1s proliferan desde otros pa\u00edses donde los procesos de creaci\u00f3n y comercializaci\u00f3n no son tan estrictos como los Europeos.<\/p>\n<p> Cuando una nueva marca espa\u00f1ola despunta en el competido sector cosm\u00e9tico y sobre todo cuando comienza a recoger frutos de un trabajo bien ejecutado desde el principio, es el momento de reconocer su m\u00e9rito.<\/p>\n<p> La marca no es otra que la ya cada vez m\u00e1s conocida VivraBarcelona nacida en los prestigiosos laboratorios de la marca en Barcelona, siendo testimonio de la innovaci\u00f3n y la excelencia, combinando ciencia y naturaleza para ofrecer productos cosm\u00e9ticos de alta calidad.<\/p>\n<p> Con una f\u00f3rmula \u00fanica que destaca por la inclusi\u00f3n de \u00e1cido hialur\u00f3nico en altas concentraciones, vitamina C y extractos naturales, VivraBarcelona destaca como un producto eficaz y fiable en el sector de la cosm\u00e9tica natural. Con productos que no solo prometen resultados visibles, sino que tambi\u00e9n garantizan seguridad y confianza para todo tipo de usuarios, incluidas mujeres embarazadas, tambi\u00e9n para pieles extremadamente sensibles y beb\u00e9s.<\/p>\n<p> Fruto de esta formulaci\u00f3n propia y de un cuidadoso proceso de desarrollo, VivraBarcelona anuncia una r\u00e1pida expansi\u00f3n en el sector farmac\u00e9utico, ofreciendo una alternativa natural y efectiva en el cuidado de la piel de venta, ya tambi\u00e9n en farmacias.<\/p>\n<p> Adem\u00e1s, dentro de su innovadora l\u00ednea de productos, destaca su \u00faltima creaci\u00f3n: la crema facial con filtro anti luz azul. Este producto revolucionario est\u00e1 dise\u00f1ado espec\u00edficamente para proteger la piel de la da\u00f1ina radiaci\u00f3n de la luz azul, emitida por dispositivos electr\u00f3nicos como smartphones, tabletas y ordenadores. Con el uso creciente de tecnolog\u00eda en la vida diaria, la crema anti luz azul de VivraBarcelona ofrece una barrera protectora esencial, manteniendo la piel sana, hidratada y libre de los efectos adversos de la exposici\u00f3n prolongada a la luz azul.<\/p>\n<p> El compromiso de VivraBarcelona con la sostenibilidad y la responsabilidad ambiental es firme. La cosm\u00e9tica natural no es solo una tendencia, sino el futuro, asegurando un uso responsable de los recursos naturales y ofreciendo opciones seguras y eficaces para el cuidado personal que funcionan.<\/p>\n<p> \u00abEstuvo claro desde el inicio: es necesaria una nueva marca que refleje la pasi\u00f3n por la belleza natural y la ciencia. Es muy emocionanter ver la respuesta y c\u00f3mo estos productos han sido acogidos en farmacias, apoyando nuestra creencia en una cosm\u00e9tica responsable y efectiva\u00bb, comenta Georgina Neach, co-fundadora y asesora en nutrici\u00f3n integrativa para VivraBarcelona.<\/p>\n<p> Los siguientes pasos de la marca, pasan, por una parte, en su internacionalizaci\u00f3n, habiendo estado ya presentes en la Feria de Bolonia Cosmoprof, y, por otra parte, potenciando su presencia en las principales plataformas de cosm\u00e9tica como Perfumes Club y Amazon, con el objetivo de dar a conocer sus beneficios a todos los usuarios que deseen cuidarse en todos los sentidos.<\/p>\n<p> VivraBarcelona invita a todos a descubrir la eficacia de la cosm\u00e9tica natural a trav\u00e9s de su innovadora l\u00ednea de productos, disponible ahora tambi\u00e9n en farmacias seleccionadas. \u00ab\u00danete a un viaje hacia un futuro m\u00e1s sostenible y saludable\u00bb.<\/p>\n<p> Para m\u00e1s informaci\u00f3n sobre VivraBarcelona y sus productos, se puede visitar su p\u00e1gina web en*vivrabarcelona.com o seguir a la marca en redes sociales.<\/p>\n<p> Contacto<\/p>\n<p>\nNombre contacto: Georgina Neach<\/p>\n<p>\nDescripci\u00f3n contacto: Co-fundadora Vivra Barcelona<\/p>\n<p>\nTel\u00e9fono de contacto: 647 21 30 00<\/p>\n","protected":false},"excerpt":{"rendered":"<p>(Informaci\u00f3n remitida por la empresa firmante) El auge de la cosm\u00e9tica natural en el pa\u00eds se est\u00e1 haciendo m\u00e1s y m\u00e1s presente cada vez, gracias a una concienciaci\u00f3n por el cuidado integral y la salud, y a su vez, por la efectividad en los m\u00e9todos de fabricaci\u00f3n natural que huyen de los inconvenientes de la [&hellip;]<\/p>\n","protected":false},"author":1,"featured_media":0,"comment_status":"closed","ping_status":"closed","sticky":false,"template":"","format":"standard","meta":{"footnotes":""},"categories":[2],"tags":[],"class_list":["post-52557","post","type-post","status-publish","format-standard","hentry","category-noticias"],"_links":{"self":[{"href":"https:\/\/webciudadana.net\/index.php?rest_route=\/wp\/v2\/posts\/52557","targetHints":{"allow":["GET"]}}],"collection":[{"href":"https:\/\/webciudadana.net\/index.php?rest_route=\/wp\/v2\/posts"}],"about":[{"href":"https:\/\/webciudadana.net\/index.php?rest_route=\/wp\/v2\/types\/post"}],"author":[{"embeddable":true,"href":"https:\/\/webciudadana.net\/index.php?rest_route=\/wp\/v2\/users\/1"}],"replies":[{"embeddable":true,"href":"https:\/\/webciudadana.net\/index.php?rest_route=%2Fwp%2Fv2%2Fcomments&post=52557"}],"version-history":[{"count":0,"href":"https:\/\/webciudadana.net\/index.php?rest_route=\/wp\/v2\/posts\/52557\/revisions"}],"wp:attachment":[{"href":"https:\/\/webciudadana.net\/index.php?rest_route=%2Fwp%2Fv2%2Fmedia&parent=52557"}],"wp:term":[{"taxonomy":"category","embeddable":true,"href":"https:\/\/webciudadana.net\/index.php?rest_route=%2Fwp%2Fv2%2Fcategories&post=52557"},{"taxonomy":"post_tag","embeddable":true,"href":"https:\/\/webciudadana.net\/index.php?rest_route=%2Fwp%2Fv2%2Ftags&post=52557"}],"curies":[{"name":"wp","href":"https:\/\/api.w.org\/{rel}","templated":true}]}}